{"id":2497,"date":"2025-01-16T17:38:05","date_gmt":"2025-01-16T16:38:05","guid":{"rendered":"https:\/\/revuedestemps.com\/?p=2497"},"modified":"2025-01-16T20:50:46","modified_gmt":"2025-01-16T19:50:46","slug":"2497","status":"publish","type":"post","link":"https:\/\/revuedestemps.com\/index.php\/2025\/01\/16\/2497\/","title":{"rendered":"La bataille pour la d\u00e9mocratie dans le Caucase du Sud."},"content":{"rendered":"<p>Pendant des ann\u00e9es, la G\u00e9orgie a \u00e9t\u00e9 un phare d&rsquo;espoir, non seulement dans le Caucase du Sud, mais \u00e9galement \u00e0 travers l&rsquo;Europe de l&rsquo;Est. La G\u00e9orgie symbolise le triomphe des valeurs d\u00e9mocratiques<sup><a id=\"post-2497-footnote-ref-1\" href=\"#post-2497-footnote-1\">[1]<\/a><\/sup> dans une r\u00e9gion marqu\u00e9e par l&rsquo;instabilit\u00e9 politique et l&rsquo;influence autoritaire des pays frontaliers <sup><a id=\"post-2497-footnote-ref-2\" href=\"#post-2497-footnote-2\">[2]<\/a><\/sup><sup><a id=\"post-2497-footnote-ref-3\" href=\"#post-2497-footnote-3\">[3]<\/a><\/sup>. Pourtant, des \u00e9v\u00e9nements r\u00e9cents ont assombri cet h\u00e9ritage, mena\u00e7ant d&rsquo;annuler des d\u00e9cennies de progr\u00e8s.<\/p>\n<p>Le 14 d\u00e9cembre 2024, un parlement ill\u00e9gitime, contr\u00f4l\u00e9 par le parti au pouvoir R\u00eave g\u00e9orgien (RG), a \u00e9lu Mikheil Kavelashvili<sup><a id=\"post-2497-footnote-ref-4\" href=\"#post-2497-footnote-4\">[4]<\/a><\/sup> comme pr\u00e9tendu nouveau pr\u00e9sident de la G\u00e9orgie. Ce processus, auquel seuls les repr\u00e9sentants du RG ont particip\u00e9, a \u00e9t\u00e9 largement d\u00e9nonc\u00e9 comme une mascarade, approfondissant la crise politique du pays. En contraste marqu\u00e9, Salom\u00e9 Zourabichvili demeure la seule pr\u00e9sidente l\u00e9gitime de la G\u00e9orgie, repr\u00e9sentant la volont\u00e9 populaire et d\u00e9fendant les principes d\u00e9mocratiques. Son mandat restera valide jusqu\u2019\u00e0 ce qu\u2019un nouveau parlement, d\u00e9mocratiquement \u00e9lu, remplace l\u2019actuel gouvernement et d\u00e9signe un nouveau leader.<\/p>\n<p>Dans un geste symbolique visant \u00e0 \u00e9viter une escalade des tensions, Zourabichvili a quitt\u00e9 le palais pr\u00e9sidentiel, \u00e9tablissant un nouveau bureau pr\u00e9sidentiel<sup><a id=\"post-2497-footnote-ref-5\" href=\"#post-2497-footnote-5\">[5]<\/a><\/sup>. Cette action d\u00e9cisive refl\u00e8te son engagement envers l\u2019apaisement, tout en continuant d\u2019assumer ses fonctions de pr\u00e9sidente l\u00e9gitime. Pour de nombreux G\u00e9orgiens, Zourabichvili incarne la r\u00e9sistance contre un r\u00e9gime autoritaire et l\u2019espoir d\u2019un retour \u00e0 une gouvernance d\u00e9mocratique.<\/p>\n<h4><strong>Protestations face \u00e0 la r\u00e9pression<\/strong><\/h4>\n<p>La crise politique a d\u00e9clench\u00e9 des manifestations massives \u00e0 travers le pays<sup><a id=\"post-2497-footnote-ref-6\" href=\"#post-2497-footnote-6\">[6]<\/a><\/sup>. Les manifestants, journalistes et figures de l\u2019opposition ont \u00e9t\u00e9 la cible d\u2019attaques organis\u00e9es, de d\u00e9tentions arbitraires et m\u00eame d\u2019agressions physiques, le r\u00e9gime ayant recours \u00e0 des tactiques de plus en plus r\u00e9pressives. Malgr\u00e9 cela, le peuple g\u00e9orgien reste d\u00e9termin\u00e9.<\/p>\n<p>Le 15 janvier 2025, marquant le 49\u1d49 jour de manifestations continues, plus de 150 entreprises et organisations, y compris des \u00e9coles, ont rejoint une gr\u00e8ve nationale<sup><a id=\"post-2497-footnote-ref-7\" href=\"#post-2497-footnote-7\">[7]<\/a><\/sup>. Des milliers d\u2019employ\u00e9s ont particip\u00e9 \u00e0 un arr\u00eat de travail de trois heures pour protester contre les actions du r\u00e9gime et r\u00e9clamer de nouvelles \u00e9lections. Cette d\u00e9monstration collective de d\u00e9fi refl\u00e8te l&rsquo;esprit in\u00e9branlable des G\u00e9orgiens, d\u00e9termin\u00e9s \u00e0 d\u00e9fendre leurs id\u00e9aux d\u00e9mocratiques.<\/p>\n<h4><strong>Le virage de l\u2019Arm\u00e9nie vers l\u2019Ouest<\/strong><\/h4>\n<p>Alors que la G\u00e9orgie lutte avec sa crise interne, l&rsquo;Arm\u00e9nie voisine conna\u00eet une transformation g\u00e9opolitique significative. Le 14 janvier 2025, l\u2019Arm\u00e9nie et les \u00c9tats-Unis ont sign\u00e9 un accord de partenariat strat\u00e9gique<sup><a id=\"post-2497-footnote-ref-8\" href=\"#post-2497-footnote-8\">[8]<\/a><\/sup>, indiquant la volont\u00e9 d\u2019Erevan, la capitale de l\u2019Arm\u00e9nie, de renforcer ses liens avec l\u2019Ouest. Simultan\u00e9ment, l\u2019Arm\u00e9nie a entam\u00e9 des discussions formelles sur son int\u00e9gration \u00e0 l\u2019Union europ\u00e9enne, marquant un tournant d\u00e9cisif dans sa politique \u00e9trang\u00e8re.<\/p>\n<p>Ce pivot pro-occidental intervient dans un contexte de menaces croissantes de l&rsquo;Azerba\u00efdjan<sup><a id=\"post-2497-footnote-ref-9\" href=\"#post-2497-footnote-9\">[9]<\/a><\/sup>. Le r\u00e9gime du pr\u00e9sident Ilham Aliyev a \u00e9mis des avertissements quotidiens \u00e0 l\u2019encontre de l\u2019Arm\u00e9nie, exacerbant les tensions r\u00e9gionales. Malgr\u00e9 ces d\u00e9fis, les dirigeants arm\u00e9niens ont choisi d\u2019embrasser une voie align\u00e9e sur les valeurs occidentales, s\u2019\u00e9loignant de leur d\u00e9pendance traditionnelle envers la Russie.<\/p>\n<h4><strong>Des implications profondes pour la G\u00e9orgie<\/strong><\/h4>\n<p>Les cons\u00e9quences pour la G\u00e9orgie sont consid\u00e9rables. \u00c0 mesure que l\u2019Arm\u00e9nie s\u2019\u00e9loigne de la sph\u00e8re d\u2019influence du Kremlin, l\u2019int\u00e9r\u00eat strat\u00e9gique pour Vladimir Poutine de contr\u00f4ler la G\u00e9orgie s\u2019intensifiera. Si la G\u00e9orgie tombe sous la domination de celui-ci, l\u2019ensemble du Caucase du Sud pourrait \u00eatre plac\u00e9 fermement sous son contr\u00f4le, sapant les trait\u00e9s ou partenariats que l\u2019Arm\u00e9nie, ou d\u2019autres pays, forment avec l\u2019Occident.<\/p>\n<h4><strong>Le r\u00e9veil g\u00e9orgien replace Tbilissi au centre de l\u2019\u00e9chiquier g\u00e9opolitique <\/strong><\/h4>\n<p>Le combat pour la d\u00e9mocratie en G\u00e9orgie a des r\u00e9percussions importantes non seulement pour sa r\u00e9gion imm\u00e9diate, mais aussi pour l\u2019Europe de l\u2019Est dans son ensemble<sup><a id=\"post-2497-footnote-ref-10\" href=\"#post-2497-footnote-10\">[10]<\/a><\/sup>. Depuis longtemps, la G\u00e9orgie est per\u00e7ue comme un mod\u00e8le de transformation d\u00e9mocratique, inspirant des mouvements r\u00e9formistes au-del\u00e0 de ses fronti\u00e8res. Sa d\u00e9rive vers l\u2019autoritarisme enverrait des ondes de choc \u00e0 travers l\u2019Europe de l\u2019Est, encourageant les r\u00e9gimes autocratiques et sapant les aspirations d\u00e9mocratiques des \u00c9tats voisins.<\/p>\n<p>Les enjeux g\u00e9opolitiques sont tout aussi \u00e9lev\u00e9s. Avec l\u2019Arm\u00e9nie cherchant \u00e0 se rapprocher de l\u2019Ouest, le r\u00f4le de la G\u00e9orgie comme tampon contre l\u2019expansionnisme de Vladimir Poutine devient encore plus crucial. Le contr\u00f4le du Kremlin sur la G\u00e9orgie lui permettrait de faire pression sur l\u2019Arm\u00e9nie, et de neutraliser efficacement l\u2019influence occidentale dans la r\u00e9gion.<\/p>\n<h4><strong>Le r\u00f4le de la communaut\u00e9 internationale<\/strong><\/h4>\n<p>La r\u00e9ponse internationale \u00e0 la crise g\u00e9orgienne a \u00e9t\u00e9 mitig\u00e9e. Si les alli\u00e9s occidentaux ont exprim\u00e9 leur pr\u00e9occupation, leurs actions manquent souvent du soutien d\u00e9cisif n\u00e9cessaire pour contrer l\u2019empi\u00e8tement autoritaire. Une exception notable est le d\u00e9put\u00e9 am\u00e9ricain Joe Wilson, qui a r\u00e9cemment r\u00e9introduit le MEGOBARI Act au Congr\u00e8s<sup><a id=\"post-2497-footnote-ref-11\" href=\"#post-2497-footnote-11\">[11]<\/a><\/sup>. Cette l\u00e9gislation vise \u00e0 renforcer les institutions d\u00e9mocratiques g\u00e9orgiennes et \u00e0 r\u00e9duire l&rsquo;influence du Kremlin.<\/p>\n<p>L\u2019invitation de Salome Zurabishvili \u00e0 assister \u00e0 l\u2019investiture du pr\u00e9sident \u00e9lu des \u00c9tats-Unis<sup><a id=\"post-2497-footnote-ref-12\" href=\"#post-2497-footnote-12\">[12]<\/a><\/sup>, Donald Trump, souligne davantage la reconnaissance internationale de sa l\u00e9gitimit\u00e9 continue. Sa visite \u00e0 Washington repr\u00e9sente une opportunit\u00e9 cruciale pour mobiliser le soutien en faveur de l\u2019avenir d\u00e9mocratique de la G\u00e9orgie.<\/p>\n<h4><strong>L\u2019avenir de la G\u00e9orgie<\/strong><\/h4>\n<p>Le sort de la G\u00e9orgie est en jeu. Le courage de son peuple, les actions de ses dirigeants et l\u2019engagement de ses alli\u00e9s occidentaux d\u00e9termineront si le pays peut retrouver son r\u00f4le de pionnier d\u00e9mocratique dans le Caucase du Sud et en Europe de l\u2019Est.<\/p>\n<p>Les enjeux sont trop importants pour \u00eatre ignor\u00e9s. Si la G\u00e9orgie sombre davantage dans l\u2019autoritarisme, les cons\u00e9quences se feront sentir bien au-del\u00e0 de ses fronti\u00e8res, encourageant les r\u00e9gimes autocratiques et red\u00e9finissant les dynamiques g\u00e9opolitiques de la r\u00e9gion.<\/p>\n<p>La r\u00e9silience du peuple g\u00e9orgien offre n\u00e9anmoins un espoir. Par leurs manifestations, gr\u00e8ves et d\u00e9termination in\u00e9branlable, ils rappellent au monde que la lutte pour la d\u00e9mocratie est universelle et, qu\u2019en d\u00e9pit de l\u2019oppression, la lumi\u00e8re de la libert\u00e9 ne peut \u00eatre \u00e9teinte.<\/p>\n<h4>Giorgi Germesashvili<\/h4>\n<ol>\n<li id=\"post-2497-footnote-1\"><a href=\"https:\/\/www.nato.int\/cps\/fr\/natohq\/topics_38988.htm\">https:\/\/www.nato.int\/cps\/fr\/natohq\/topics_38988.htm<\/a> <a href=\"#post-2497-footnote-ref-1\">\u2191<\/a><\/li>\n<li id=\"post-2497-footnote-2\"><a href=\"https:\/\/www.ifri.org\/fr\/notes\/georgie-un-autre-front-de-la-russie\">https:\/\/www.ifri.org\/fr\/notes\/georgie-un-autre-front-de-la-russie<\/a> <a href=\"#post-2497-footnote-ref-2\">\u2191<\/a><\/li>\n<li id=\"post-2497-footnote-3\"><a href=\"https:\/\/shs.cairn.info\/revue-outre-terre1-2007-2-page-283?lang=fr\">https:\/\/shs.cairn.info\/revue-outre-terre1-2007-2-page-283?lang=fr<\/a> <a href=\"#post-2497-footnote-ref-3\">\u2191<\/a><\/li>\n<li id=\"post-2497-footnote-4\"><a href=\"https:\/\/fr.euronews.com\/my-europe\/2024\/12\/14\/qui-est-mikheil-kavelashvili-le-nouveau-president-de-la-georgie\">https:\/\/fr.euronews.com\/my-europe\/2024\/12\/14\/qui-est-mikheil-kavelashvili-le-nouveau-president-de-la-georgie<\/a> <a href=\"#post-2497-footnote-ref-4\">\u2191<\/a><\/li>\n<li id=\"post-2497-footnote-5\"><a href=\"https:\/\/information.tv5monde.com\/international\/georgie-pourquoi-la-presidente-sortante-pro-ue-zourabichvili-sestime-la-seule\">https:\/\/information.tv5monde.com\/international\/georgie-pourquoi-la-presidente-sortante-pro-ue-zourabichvili-sestime-la-seule<\/a> <a href=\"#post-2497-footnote-ref-5\">\u2191<\/a><\/li>\n<li id=\"post-2497-footnote-6\"><a href=\"https:\/\/fr.euronews.com\/my-europe\/2025\/01\/01\/en-georgie-manifestation-monstre-la-nuit-du-reveillon\">https:\/\/fr.euronews.com\/my-europe\/2025\/01\/01\/en-georgie-manifestation-monstre-la-nuit-du-reveillon<\/a> <a href=\"#post-2497-footnote-ref-6\">\u2191<\/a><\/li>\n<li id=\"post-2497-footnote-7\"><a href=\"https:\/\/www.lemonde.fr\/international\/article\/2025\/01\/15\/georgie-un-ancien-premier-ministre-agresse-son-parti-accuse-le-gouvernement_6500221_3210.html\">https:\/\/www.lemonde.fr\/international\/article\/2025\/01\/15\/georgie-un-ancien-premier-ministre-agresse-son-parti-accuse-le-gouvernement_6500221_3210.html<\/a> <a href=\"#post-2497-footnote-ref-7\">\u2191<\/a><\/li>\n<li id=\"post-2497-footnote-8\"><a href=\"https:\/\/www.civilnet.am\/fr\/news\/812374\/larmenie-et-les-etats-unis-signent-une-charte-de-partenariat-strategique-historique\/\">https:\/\/www.civilnet.am\/fr\/news\/812374\/larmenie-et-les-etats-unis-signent-une-charte-de-partenariat-strategique-historique\/<\/a> <a href=\"#post-2497-footnote-ref-8\">\u2191<\/a><\/li>\n<li id=\"post-2497-footnote-9\"><a href=\"https:\/\/www.armenews.com\/le-chef-de-la-defense-armenienne-espere-une-paix-regionale\/\">https:\/\/www.armenews.com\/le-chef-de-la-defense-armenienne-espere-une-paix-regionale\/<\/a> <a href=\"#post-2497-footnote-ref-9\">\u2191<\/a><\/li>\n<li id=\"post-2497-footnote-10\"><a href=\"https:\/\/www.francetvinfo.fr\/monde\/europe\/georgie\/reportage-on-est-des-peuples-jumeaux-les-ukrainiens-suivent-de-pres-les-protestations-des-georgiens-contre-leur-gouvernement-pro-russe_6955274.html\">https:\/\/www.francetvinfo.fr\/monde\/europe\/georgie\/reportage-on-est-des-peuples-jumeaux-les-ukrainiens-suivent-de-pres-les-protestations-des-georgiens-contre-leur-gouvernement-pro-russe_6955274.html<\/a> <a href=\"#post-2497-footnote-ref-10\">\u2191<\/a><\/li>\n<li id=\"post-2497-footnote-11\"><a href=\"https:\/\/www.interpressnews.ge\/en\/article\/136633-joe-wilson-today-we-reintroduced-the-megobari-act-it-is-our-first-priority-to-ensure-the-georgian-nightmare-comes-to-an-end\/\">https:\/\/www.interpressnews.ge\/en\/article\/136633-joe-wilson-today-we-reintroduced-the-megobari-act-it-is-our-first-priority-to-ensure-the-georgian-nightmare-comes-to-an-end\/<\/a> <a href=\"#post-2497-footnote-ref-11\">\u2191<\/a><\/li>\n<li id=\"post-2497-footnote-12\"><a href=\"https:\/\/www.lagazetteaz.fr\/news\/caucase\/19047.html\">https:\/\/www.lagazetteaz.fr\/news\/caucase\/19047.html<\/a> <a href=\"#post-2497-footnote-ref-12\">\u2191<\/a><\/li>\n<\/ol>\n","protected":false},"excerpt":{"rendered":"<p>Pendant des ann\u00e9es, la G\u00e9orgie a \u00e9t\u00e9 un phare d&rsquo;espoir, non seulement dans le Caucase du Sud, mais \u00e9galement \u00e0 travers l&rsquo;Europe de l&rsquo;Est. La G\u00e9orgie symbolise le triomphe des valeurs d\u00e9mocratiques[1] dans une r\u00e9gion marqu\u00e9e par l&rsquo;instabilit\u00e9 politique et l&rsquo;influence autoritaire des pays frontaliers [2][3]. Pourtant, des \u00e9v\u00e9nements r\u00e9cents ont assombri cet h\u00e9ritage, mena\u00e7ant [&hellip;]<\/p>\n","protected":false},"author":18,"featured_media":2498,"comment_status":"open","ping_status":"open","sticky":false,"template":"","format":"standard","meta":{"footnotes":""},"categories":[17,16],"tags":[41],"class_list":["post-2497","post","type-post","status-publish","format-standard","has-post-thumbnail","hentry","category-histoire","category-politique","tag-janvier"],"yoast_head":"<!-- This site is optimized with the Yoast SEO plugin v26.1.1 - https:\/\/yoast.com\/wordpress\/plugins\/seo\/ -->\n<title>La bataille pour la d\u00e9mocratie dans le Caucase du Sud. - Revue des Temps<\/title>\n<meta name=\"robots\" content=\"index, follow, max-snippet:-1, max-image-preview:large, max-video-preview:-1\" \/>\n<link rel=\"canonical\" href=\"https:\/\/revuedestemps.com\/index.php\/2025\/01\/16\/2497\/\" \/>\n<meta property=\"og:locale\" content=\"fr_FR\" \/>\n<meta property=\"og:type\" content=\"article\" \/>\n<meta property=\"og:title\" content=\"La bataille pour la d\u00e9mocratie dans le Caucase du Sud. - Revue des Temps\" \/>\n<meta property=\"og:description\" content=\"Pendant des ann\u00e9es, la G\u00e9orgie a \u00e9t\u00e9 un phare d&rsquo;espoir, non seulement dans le Caucase du Sud, mais \u00e9galement \u00e0 travers l&rsquo;Europe de l&rsquo;Est. La G\u00e9orgie symbolise le triomphe des valeurs d\u00e9mocratiques[1] dans une r\u00e9gion marqu\u00e9e par l&rsquo;instabilit\u00e9 politique et l&rsquo;influence autoritaire des pays frontaliers [2][3]. Pourtant, des \u00e9v\u00e9nements r\u00e9cents ont assombri cet h\u00e9ritage, mena\u00e7ant [&hellip;]\" \/>\n<meta property=\"og:url\" content=\"https:\/\/revuedestemps.com\/index.php\/2025\/01\/16\/2497\/\" \/>\n<meta property=\"og:site_name\" content=\"Revue des Temps\" \/>\n<meta property=\"article:published_time\" content=\"2025-01-16T16:38:05+00:00\" \/>\n<meta property=\"article:modified_time\" content=\"2025-01-16T19:50:46+00:00\" \/>\n<meta property=\"og:image\" content=\"http:\/\/revuedestemps.com\/wp-content\/uploads\/2025\/01\/IMG-20250116-WA0004.jpg\" \/>\n\t<meta property=\"og:image:width\" content=\"2048\" \/>\n\t<meta property=\"og:image:height\" content=\"1152\" \/>\n\t<meta property=\"og:image:type\" content=\"image\/jpeg\" \/>\n<meta name=\"author\" content=\"Giorgi Germesashvili\" \/>\n<meta name=\"twitter:card\" content=\"summary_large_image\" \/>\n<meta name=\"twitter:label1\" content=\"\u00c9crit par\" \/>\n\t<meta name=\"twitter:data1\" content=\"Giorgi Germesashvili\" \/>\n\t<meta name=\"twitter:label2\" content=\"Dur\u00e9e de lecture estim\u00e9e\" \/>\n\t<meta name=\"twitter:data2\" content=\"6 minutes\" \/>\n<script type=\"application\/ld+json\" class=\"yoast-schema-graph\">{\"@context\":\"https:\/\/schema.org\",\"@graph\":[{\"@type\":\"Article\",\"@id\":\"https:\/\/revuedestemps.com\/index.php\/2025\/01\/16\/2497\/#article\",\"isPartOf\":{\"@id\":\"https:\/\/revuedestemps.com\/index.php\/2025\/01\/16\/2497\/\"},\"author\":{\"name\":\"Giorgi Germesashvili\",\"@id\":\"https:\/\/revuedestemps.com\/#\/schema\/person\/6812646a72d0bdab0ebafa6921a91165\"},\"headline\":\"La bataille pour la d\u00e9mocratie dans le Caucase du Sud.\",\"datePublished\":\"2025-01-16T16:38:05+00:00\",\"dateModified\":\"2025-01-16T19:50:46+00:00\",\"mainEntityOfPage\":{\"@id\":\"https:\/\/revuedestemps.com\/index.php\/2025\/01\/16\/2497\/\"},\"wordCount\":1204,\"commentCount\":0,\"publisher\":{\"@id\":\"https:\/\/revuedestemps.com\/#organization\"},\"image\":{\"@id\":\"https:\/\/revuedestemps.com\/index.php\/2025\/01\/16\/2497\/#primaryimage\"},\"thumbnailUrl\":\"https:\/\/revuedestemps.com\/wp-content\/uploads\/2025\/01\/IMG-20250116-WA0004.jpg\",\"keywords\":[\"Janvier\"],\"articleSection\":[\"Histoire\",\"Politique\"],\"inLanguage\":\"fr-FR\",\"potentialAction\":[{\"@type\":\"CommentAction\",\"name\":\"Comment\",\"target\":[\"https:\/\/revuedestemps.com\/index.php\/2025\/01\/16\/2497\/#respond\"]}]},{\"@type\":\"WebPage\",\"@id\":\"https:\/\/revuedestemps.com\/index.php\/2025\/01\/16\/2497\/\",\"url\":\"https:\/\/revuedestemps.com\/index.php\/2025\/01\/16\/2497\/\",\"name\":\"La bataille pour la d\u00e9mocratie dans le Caucase du Sud. - Revue des Temps\",\"isPartOf\":{\"@id\":\"https:\/\/revuedestemps.com\/#website\"},\"primaryImageOfPage\":{\"@id\":\"https:\/\/revuedestemps.com\/index.php\/2025\/01\/16\/2497\/#primaryimage\"},\"image\":{\"@id\":\"https:\/\/revuedestemps.com\/index.php\/2025\/01\/16\/2497\/#primaryimage\"},\"thumbnailUrl\":\"https:\/\/revuedestemps.com\/wp-content\/uploads\/2025\/01\/IMG-20250116-WA0004.jpg\",\"datePublished\":\"2025-01-16T16:38:05+00:00\",\"dateModified\":\"2025-01-16T19:50:46+00:00\",\"breadcrumb\":{\"@id\":\"https:\/\/revuedestemps.com\/index.php\/2025\/01\/16\/2497\/#breadcrumb\"},\"inLanguage\":\"fr-FR\",\"potentialAction\":[{\"@type\":\"ReadAction\",\"target\":[\"https:\/\/revuedestemps.com\/index.php\/2025\/01\/16\/2497\/\"]}]},{\"@type\":\"ImageObject\",\"inLanguage\":\"fr-FR\",\"@id\":\"https:\/\/revuedestemps.com\/index.php\/2025\/01\/16\/2497\/#primaryimage\",\"url\":\"https:\/\/revuedestemps.com\/wp-content\/uploads\/2025\/01\/IMG-20250116-WA0004.jpg\",\"contentUrl\":\"https:\/\/revuedestemps.com\/wp-content\/uploads\/2025\/01\/IMG-20250116-WA0004.jpg\",\"width\":2048,\"height\":1152},{\"@type\":\"BreadcrumbList\",\"@id\":\"https:\/\/revuedestemps.com\/index.php\/2025\/01\/16\/2497\/#breadcrumb\",\"itemListElement\":[{\"@type\":\"ListItem\",\"position\":1,\"name\":\"Accueil\",\"item\":\"https:\/\/revuedestemps.com\/\"},{\"@type\":\"ListItem\",\"position\":2,\"name\":\"La bataille pour la d\u00e9mocratie dans le Caucase du Sud.\"}]},{\"@type\":\"WebSite\",\"@id\":\"https:\/\/revuedestemps.com\/#website\",\"url\":\"https:\/\/revuedestemps.com\/\",\"name\":\"Revue des Temps\",\"description\":\"L&#039;actualit\u00e9 politique et culturelle sous tous les angles. Revue fond\u00e9e par Gaspard Rambel en novembre 2023.\",\"publisher\":{\"@id\":\"https:\/\/revuedestemps.com\/#organization\"},\"potentialAction\":[{\"@type\":\"SearchAction\",\"target\":{\"@type\":\"EntryPoint\",\"urlTemplate\":\"https:\/\/revuedestemps.com\/?s={search_term_string}\"},\"query-input\":{\"@type\":\"PropertyValueSpecification\",\"valueRequired\":true,\"valueName\":\"search_term_string\"}}],\"inLanguage\":\"fr-FR\"},{\"@type\":\"Organization\",\"@id\":\"https:\/\/revuedestemps.com\/#organization\",\"name\":\"Revue des Temps\",\"url\":\"https:\/\/revuedestemps.com\/\",\"logo\":{\"@type\":\"ImageObject\",\"inLanguage\":\"fr-FR\",\"@id\":\"https:\/\/revuedestemps.com\/#\/schema\/logo\/image\/\",\"url\":\"https:\/\/revuedestemps.com\/wp-content\/uploads\/2024\/03\/sticker-vintage-carte-map-monde-black-white-edited.jpg\",\"contentUrl\":\"https:\/\/revuedestemps.com\/wp-content\/uploads\/2024\/03\/sticker-vintage-carte-map-monde-black-white-edited.jpg\",\"width\":528,\"height\":528,\"caption\":\"Revue des Temps\"},\"image\":{\"@id\":\"https:\/\/revuedestemps.com\/#\/schema\/logo\/image\/\"}},{\"@type\":\"Person\",\"@id\":\"https:\/\/revuedestemps.com\/#\/schema\/person\/6812646a72d0bdab0ebafa6921a91165\",\"name\":\"Giorgi Germesashvili\",\"image\":{\"@type\":\"ImageObject\",\"inLanguage\":\"fr-FR\",\"@id\":\"https:\/\/revuedestemps.com\/#\/schema\/person\/image\/\",\"url\":\"https:\/\/secure.gravatar.com\/avatar\/0e7203f9f35dc762f617080befe8beb8995425bd1cf3282f07ff8422d74491f9?s=96&d=mm&r=g\",\"contentUrl\":\"https:\/\/secure.gravatar.com\/avatar\/0e7203f9f35dc762f617080befe8beb8995425bd1cf3282f07ff8422d74491f9?s=96&d=mm&r=g\",\"caption\":\"Giorgi Germesashvili\"},\"url\":\"https:\/\/revuedestemps.com\/index.php\/author\/giorgi-germesashvili\/\"}]}<\/script>\n<!-- \/ Yoast SEO plugin. -->","yoast_head_json":{"title":"La bataille pour la d\u00e9mocratie dans le Caucase du Sud. - Revue des Temps","robots":{"index":"index","follow":"follow","max-snippet":"max-snippet:-1","max-image-preview":"max-image-preview:large","max-video-preview":"max-video-preview:-1"},"canonical":"https:\/\/revuedestemps.com\/index.php\/2025\/01\/16\/2497\/","og_locale":"fr_FR","og_type":"article","og_title":"La bataille pour la d\u00e9mocratie dans le Caucase du Sud. - Revue des Temps","og_description":"Pendant des ann\u00e9es, la G\u00e9orgie a \u00e9t\u00e9 un phare d&rsquo;espoir, non seulement dans le Caucase du Sud, mais \u00e9galement \u00e0 travers l&rsquo;Europe de l&rsquo;Est. La G\u00e9orgie symbolise le triomphe des valeurs d\u00e9mocratiques[1] dans une r\u00e9gion marqu\u00e9e par l&rsquo;instabilit\u00e9 politique et l&rsquo;influence autoritaire des pays frontaliers [2][3]. Pourtant, des \u00e9v\u00e9nements r\u00e9cents ont assombri cet h\u00e9ritage, mena\u00e7ant [&hellip;]","og_url":"https:\/\/revuedestemps.com\/index.php\/2025\/01\/16\/2497\/","og_site_name":"Revue des Temps","article_published_time":"2025-01-16T16:38:05+00:00","article_modified_time":"2025-01-16T19:50:46+00:00","og_image":[{"width":2048,"height":1152,"url":"http:\/\/revuedestemps.com\/wp-content\/uploads\/2025\/01\/IMG-20250116-WA0004.jpg","type":"image\/jpeg"}],"author":"Giorgi Germesashvili","twitter_card":"summary_large_image","twitter_misc":{"\u00c9crit par":"Giorgi Germesashvili","Dur\u00e9e de lecture estim\u00e9e":"6 minutes"},"schema":{"@context":"https:\/\/schema.org","@graph":[{"@type":"Article","@id":"https:\/\/revuedestemps.com\/index.php\/2025\/01\/16\/2497\/#article","isPartOf":{"@id":"https:\/\/revuedestemps.com\/index.php\/2025\/01\/16\/2497\/"},"author":{"name":"Giorgi Germesashvili","@id":"https:\/\/revuedestemps.com\/#\/schema\/person\/6812646a72d0bdab0ebafa6921a91165"},"headline":"La bataille pour la d\u00e9mocratie dans le Caucase du Sud.","datePublished":"2025-01-16T16:38:05+00:00","dateModified":"2025-01-16T19:50:46+00:00","mainEntityOfPage":{"@id":"https:\/\/revuedestemps.com\/index.php\/2025\/01\/16\/2497\/"},"wordCount":1204,"commentCount":0,"publisher":{"@id":"https:\/\/revuedestemps.com\/#organization"},"image":{"@id":"https:\/\/revuedestemps.com\/index.php\/2025\/01\/16\/2497\/#primaryimage"},"thumbnailUrl":"https:\/\/revuedestemps.com\/wp-content\/uploads\/2025\/01\/IMG-20250116-WA0004.jpg","keywords":["Janvier"],"articleSection":["Histoire","Politique"],"inLanguage":"fr-FR","potentialAction":[{"@type":"CommentAction","name":"Comment","target":["https:\/\/revuedestemps.com\/index.php\/2025\/01\/16\/2497\/#respond"]}]},{"@type":"WebPage","@id":"https:\/\/revuedestemps.com\/index.php\/2025\/01\/16\/2497\/","url":"https:\/\/revuedestemps.com\/index.php\/2025\/01\/16\/2497\/","name":"La bataille pour la d\u00e9mocratie dans le Caucase du Sud. - Revue des Temps","isPartOf":{"@id":"https:\/\/revuedestemps.com\/#website"},"primaryImageOfPage":{"@id":"https:\/\/revuedestemps.com\/index.php\/2025\/01\/16\/2497\/#primaryimage"},"image":{"@id":"https:\/\/revuedestemps.com\/index.php\/2025\/01\/16\/2497\/#primaryimage"},"thumbnailUrl":"https:\/\/revuedestemps.com\/wp-content\/uploads\/2025\/01\/IMG-20250116-WA0004.jpg","datePublished":"2025-01-16T16:38:05+00:00","dateModified":"2025-01-16T19:50:46+00:00","breadcrumb":{"@id":"https:\/\/revuedestemps.com\/index.php\/2025\/01\/16\/2497\/#breadcrumb"},"inLanguage":"fr-FR","potentialAction":[{"@type":"ReadAction","target":["https:\/\/revuedestemps.com\/index.php\/2025\/01\/16\/2497\/"]}]},{"@type":"ImageObject","inLanguage":"fr-FR","@id":"https:\/\/revuedestemps.com\/index.php\/2025\/01\/16\/2497\/#primaryimage","url":"https:\/\/revuedestemps.com\/wp-content\/uploads\/2025\/01\/IMG-20250116-WA0004.jpg","contentUrl":"https:\/\/revuedestemps.com\/wp-content\/uploads\/2025\/01\/IMG-20250116-WA0004.jpg","width":2048,"height":1152},{"@type":"BreadcrumbList","@id":"https:\/\/revuedestemps.com\/index.php\/2025\/01\/16\/2497\/#breadcrumb","itemListElement":[{"@type":"ListItem","position":1,"name":"Accueil","item":"https:\/\/revuedestemps.com\/"},{"@type":"ListItem","position":2,"name":"La bataille pour la d\u00e9mocratie dans le Caucase du Sud."}]},{"@type":"WebSite","@id":"https:\/\/revuedestemps.com\/#website","url":"https:\/\/revuedestemps.com\/","name":"Revue des Temps","description":"L&#039;actualit\u00e9 politique et culturelle sous tous les angles. Revue fond\u00e9e par Gaspard Rambel en novembre 2023.","publisher":{"@id":"https:\/\/revuedestemps.com\/#organization"},"potentialAction":[{"@type":"SearchAction","target":{"@type":"EntryPoint","urlTemplate":"https:\/\/revuedestemps.com\/?s={search_term_string}"},"query-input":{"@type":"PropertyValueSpecification","valueRequired":true,"valueName":"search_term_string"}}],"inLanguage":"fr-FR"},{"@type":"Organization","@id":"https:\/\/revuedestemps.com\/#organization","name":"Revue des Temps","url":"https:\/\/revuedestemps.com\/","logo":{"@type":"ImageObject","inLanguage":"fr-FR","@id":"https:\/\/revuedestemps.com\/#\/schema\/logo\/image\/","url":"https:\/\/revuedestemps.com\/wp-content\/uploads\/2024\/03\/sticker-vintage-carte-map-monde-black-white-edited.jpg","contentUrl":"https:\/\/revuedestemps.com\/wp-content\/uploads\/2024\/03\/sticker-vintage-carte-map-monde-black-white-edited.jpg","width":528,"height":528,"caption":"Revue des Temps"},"image":{"@id":"https:\/\/revuedestemps.com\/#\/schema\/logo\/image\/"}},{"@type":"Person","@id":"https:\/\/revuedestemps.com\/#\/schema\/person\/6812646a72d0bdab0ebafa6921a91165","name":"Giorgi Germesashvili","image":{"@type":"ImageObject","inLanguage":"fr-FR","@id":"https:\/\/revuedestemps.com\/#\/schema\/person\/image\/","url":"https:\/\/secure.gravatar.com\/avatar\/0e7203f9f35dc762f617080befe8beb8995425bd1cf3282f07ff8422d74491f9?s=96&d=mm&r=g","contentUrl":"https:\/\/secure.gravatar.com\/avatar\/0e7203f9f35dc762f617080befe8beb8995425bd1cf3282f07ff8422d74491f9?s=96&d=mm&r=g","caption":"Giorgi Germesashvili"},"url":"https:\/\/revuedestemps.com\/index.php\/author\/giorgi-germesashvili\/"}]}},"_links":{"self":[{"href":"https:\/\/revuedestemps.com\/index.php\/wp-json\/wp\/v2\/posts\/2497","targetHints":{"allow":["GET"]}}],"collection":[{"href":"https:\/\/revuedestemps.com\/index.php\/wp-json\/wp\/v2\/posts"}],"about":[{"href":"https:\/\/revuedestemps.com\/index.php\/wp-json\/wp\/v2\/types\/post"}],"author":[{"embeddable":true,"href":"https:\/\/revuedestemps.com\/index.php\/wp-json\/wp\/v2\/users\/18"}],"replies":[{"embeddable":true,"href":"https:\/\/revuedestemps.com\/index.php\/wp-json\/wp\/v2\/comments?post=2497"}],"version-history":[{"count":3,"href":"https:\/\/revuedestemps.com\/index.php\/wp-json\/wp\/v2\/posts\/2497\/revisions"}],"predecessor-version":[{"id":2502,"href":"https:\/\/revuedestemps.com\/index.php\/wp-json\/wp\/v2\/posts\/2497\/revisions\/2502"}],"wp:featuredmedia":[{"embeddable":true,"href":"https:\/\/revuedestemps.com\/index.php\/wp-json\/wp\/v2\/media\/2498"}],"wp:attachment":[{"href":"https:\/\/revuedestemps.com\/index.php\/wp-json\/wp\/v2\/media?parent=2497"}],"wp:term":[{"taxonomy":"category","embeddable":true,"href":"https:\/\/revuedestemps.com\/index.php\/wp-json\/wp\/v2\/categories?post=2497"},{"taxonomy":"post_tag","embeddable":true,"href":"https:\/\/revuedestemps.com\/index.php\/wp-json\/wp\/v2\/tags?post=2497"}],"curies":[{"name":"wp","href":"https:\/\/api.w.org\/{rel}","templated":true}]}}