{"id":2585,"date":"2025-01-21T16:22:50","date_gmt":"2025-01-21T15:22:50","guid":{"rendered":"https:\/\/revuedestemps.com\/?p=2585"},"modified":"2025-01-24T16:26:04","modified_gmt":"2025-01-24T15:26:04","slug":"leurope-affiche-une-croissance-a-plusieurs-vitesses","status":"publish","type":"post","link":"https:\/\/revuedestemps.com\/index.php\/2025\/01\/21\/leurope-affiche-une-croissance-a-plusieurs-vitesses\/","title":{"rendered":"L&rsquo;Europe affiche une croissance \u00e0 plusieurs vitesses."},"content":{"rendered":"<p>Le 2 janvier 2025 Standard &amp; Poor\u2019s<sup><sup><a id=\"post-2585-footnote-ref-0\" href=\"#post-2585-footnote-0\">[1]<\/a><\/sup><\/sup>, agence de notation de r\u00e9f\u00e9rence en termes de croissance, publiait les r\u00e9sultats d\u2019une analyse qui d\u00e9voilait les indices d\u00e9finitifs concernant l\u2019industrie manufacturi\u00e8re en Europe.<\/p>\n<p>\u00c0 la lecture de ces derniers, on a pu constater qu\u2019elle \u00e9tait \u00e0 la peine, enregistrant une baisse de rendement continue depuis plus de deux ans avec un score de 45,1, soit bien en dessous de l\u2019indice de stagnation (qui se situe autour de 50). \u00c0 l\u2019inverse, les industries des secteurs num\u00e9rique<sup><sup><a id=\"post-2585-footnote-ref-1\" href=\"#post-2585-footnote-1\">[2]<\/a><\/sup><\/sup>, pharmaceutique<sup><sup><a id=\"post-2585-footnote-ref-2\" href=\"#post-2585-footnote-2\">[3]<\/a><\/sup><\/sup> et a\u00e9ronautique<sup><sup><a id=\"post-2585-footnote-ref-3\" href=\"#post-2585-footnote-3\">[4]<\/a><\/sup><\/sup> poursuivent leur croissance en Europe, notamment en France, et op\u00e8rent leur phase de transition pour les plus r\u00e9centes.<\/p>\n<p>Ce constat met en relief une disparit\u00e9 dans la prosp\u00e9rit\u00e9 des diff\u00e9rents secteurs \u00e9conomiques au sein du continent europ\u00e9en.<\/p>\n<p>Cet \u00e9tat de fait au niveau du secteur manufacturier peut ais\u00e9ment s\u2019expliquer par la baisse des exportations, notamment en Allemagne<sup><sup><a id=\"post-2585-footnote-ref-4\" href=\"#post-2585-footnote-4\">[5]<\/a><\/sup><\/sup>. \u00c0 l\u2019heure o\u00f9 les \u00e9lections l\u00e9gislatives anticip\u00e9es sont attendues pour le mois de f\u00e9vrier<sup><sup><a id=\"post-2585-footnote-ref-5\" href=\"#post-2585-footnote-5\">[6]<\/a><\/sup><sup><a id=\"post-2585-footnote-ref-6\" href=\"#post-2585-footnote-6\">[7]<\/a><\/sup><\/sup>, de l\u2019autre c\u00f4t\u00e9 du Rhin, Berlin souffle les bougies de la fin de son miracle \u00e9conomique. Volkswagen a annonc\u00e9, fin d\u00e9cembre 2024, la suppression de 35 000 postes d\u2019ici \u00e0 2030, tandis que ThyssenKrupp, leader de la sid\u00e9rurgie, table sur 11 000.<\/p>\n<p>Celle-ci est la cons\u00e9quence de plusieurs facteurs : menaces de renforcement des droits de douane concernant les exportations vers les \u00c9tats-Unis, comme promis par la nouvelle administration Trump<sup><sup><a id=\"post-2585-footnote-ref-7\" href=\"#post-2585-footnote-7\">[8]<\/a><\/sup><\/sup>, ainsi qu\u2019une instabilit\u00e9 g\u00e9opolitique pr\u00e9gnante. La guerre en Ukraine a particuli\u00e8rement touch\u00e9 l\u2019\u00e9conomie allemande : la fin de la livraison du gaz russe en est une cause. Quant aux autres conflits qui secouent le monde, ils rendent propices l\u2019application de mesures protectionnistes, r\u00e9duisant de fait les exportations europ\u00e9ennes.<\/p>\n<p>Seules l\u2019Espagne et la Gr\u00e8ce semblent tirer leur \u00e9pingle du jeu en maintenant leurs indices aux alentours de 53. On note aussi une disparit\u00e9 dans l\u2019industrie manufacturi\u00e8re entre le Nord et le Sud de l\u2019Europe, exception faite de l\u2019Italie, qui suit l\u2019exemple de ses homologues fran\u00e7ais et allemands.<\/p>\n<p>Selon l\u2019expert en \u00e9conomie Nicolas Ravailhe<sup><sup><a id=\"post-2585-footnote-ref-8\" href=\"#post-2585-footnote-8\">[9]<\/a><\/sup><\/sup>, il s\u2019agit de la cons\u00e9quence d\u2019une phase de transition industrielle qui semble s\u2019op\u00e9rer pour les pays du Nord de l\u2019Europe. Le Sud semble \u00eatre sur la m\u00eame voie, mais avec quelques ann\u00e9es de retard dues \u00e0 des in\u00e9galit\u00e9s syst\u00e9miques et historiques.<\/p>\n<p>En effet, des soci\u00e9t\u00e9s pharmaceutiques fran\u00e7aises, comme Sanofi, affichent une croissance record \u00e0 deux chiffres<sup><sup><a id=\"post-2585-footnote-ref-9\" href=\"#post-2585-footnote-9\">[10]<\/a><\/sup><\/sup>, alors que le secteur du num\u00e9rique ne cesse d\u2019op\u00e9rer une marge de progression favorable depuis dix ans. Celle-ci commence \u00e0 peine \u00e0 se stabiliser, un marqueur de stabilit\u00e9 et de p\u00e9rennit\u00e9 selon l\u2019OCDE<sup><sup><a id=\"post-2585-footnote-ref-10\" href=\"#post-2585-footnote-10\">[11]<\/a><\/sup><\/sup>.<\/p>\n<p>Si l\u2019industrie manufacturi\u00e8re en Europe est en d\u00e9clin, signe qu\u2019elle doit repenser son organisation, il en est autrement concernant le reste des secteurs industriels \u00e9voqu\u00e9s, qui prosp\u00e8rent depuis plusieurs ann\u00e9es. L\u2019\u00e9quilibre entre ceux-ci d\u00e9pend des actions qui seront men\u00e9es par la suite afin que tous avancent de concert, sur une m\u00eame pente ascendante.<\/p>\n<h4>Gaspard Rambel<\/h4>\n<ol>\n<li id=\"post-2585-footnote-0\"><a href=\"https:\/\/www.lesechos.fr\/monde\/europe\/lindustrie-europeenne-senfonce-dans-la-crise-2140176\">https:\/\/www.lesechos.fr\/monde\/europe\/lindustrie-europeenne-senfonce-dans-la-crise-2140176<\/a> <a href=\"#post-2585-footnote-ref-0\">\u2191<\/a><\/li>\n<li id=\"post-2585-footnote-1\"><a href=\"https:\/\/numeum.fr\/conference-semestrielle\/tendances-et-perspectives-numeriques-bilan-2023-et-prevision-2024-pour-le#:~:text=Le%20num%C3%A9rique%20conserve%20une%20croissance,avec%20%2B5%2C8%25\">https:\/\/numeum.fr\/conference-semestrielle\/tendances-et-perspectives-numeriques-bilan-2023-et-prevision-2024-pour-le#:~:text=Le%20num%C3%A9rique%20conserve%20une%20croissance,avec%20%2B5%2C8%25<\/a>. <a href=\"#post-2585-footnote-ref-1\">\u2191<\/a><\/li>\n<li id=\"post-2585-footnote-2\"><a href=\"https:\/\/pharmaceutiques.com\/actualites\/economie\/marche-pharmaceutique-croissance-perenne-jusquen-2027\/#:~:text=L'Europe%20s'inscrit%20dans,dans%20son%20panorama%20annuel%20I360\">https:\/\/pharmaceutiques.com\/actualites\/economie\/marche-pharmaceutique-croissance-perenne-jusquen-2027\/#:~:text=L&rsquo;Europe%20s&rsquo;inscrit%20dans,dans%20son%20panorama%20annuel%20I360<\/a> <a href=\"#post-2585-footnote-ref-2\">\u2191<\/a><\/li>\n<li id=\"post-2585-footnote-3\"><a href=\"https:\/\/www.techniques-ingenieur.fr\/actualite\/articles\/la-filiere-aeronautique-boosteur-de-la-croissance-francaise-134434\/\">https:\/\/www.techniques-ingenieur.fr\/actualite\/articles\/la-filiere-aeronautique-boosteur-de-la-croissance-francaise-134434\/<\/a> <a href=\"#post-2585-footnote-ref-3\">\u2191<\/a><\/li>\n<li id=\"post-2585-footnote-4\"><a href=\"https:\/\/www.dna.fr\/economie\/2024\/12\/16\/exportations-en-baisse-emplois-menaces-l-economie-allemande-dans-la-tourmente\">https:\/\/www.dna.fr\/economie\/2024\/12\/16\/exportations-en-baisse-emplois-menaces-l-economie-allemande-dans-la-tourmente<\/a> <a href=\"#post-2585-footnote-ref-4\">\u2191<\/a><\/li>\n<li id=\"post-2585-footnote-5\"><a href=\"https:\/\/www.leclubdesjuristes.com\/international\/elections-au-bundestag-cest-quoi-la-proportionnelle-a-lallemande-8904\/\">https:\/\/www.leclubdesjuristes.com\/international\/elections-au-bundestag-cest-quoi-la-proportionnelle-a-lallemande-8904\/<\/a> <a href=\"#post-2585-footnote-ref-5\">\u2191<\/a><\/li>\n<li id=\"post-2585-footnote-6\"><a href=\"https:\/\/www.ifri.org\/fr\/elections-federales-lallemagne-en-quete-de-stabilite\">https:\/\/www.ifri.org\/fr\/elections-federales-lallemagne-en-quete-de-stabilite<\/a> <a href=\"#post-2585-footnote-ref-6\">\u2191<\/a><\/li>\n<li id=\"post-2585-footnote-7\"><a href=\"https:\/\/www.lecho.be\/les-marches\/actu\/general\/vers-eds-tarifs-douaniers-moins-importants-que-prevu-aux-etats-unis\/10581370.html\">https:\/\/www.lecho.be\/les-marches\/actu\/general\/vers-eds-tarifs-douaniers-moins-importants-que-prevu-aux-etats-unis\/10581370.html<\/a> <a href=\"#post-2585-footnote-ref-7\">\u2191<\/a><\/li>\n<li id=\"post-2585-footnote-8\"><a href=\"https:\/\/variances.eu\/?p=4635\">https:\/\/variances.eu\/?p=4635<\/a> <a href=\"#post-2585-footnote-ref-8\">\u2191<\/a><\/li>\n<li id=\"post-2585-footnote-9\"><a href=\"https:\/\/www.sanofi.com\/fr\/media-room\/communiques-de-presse\/2024\/2024-10-25-05-30-00-2969234\">https:\/\/www.sanofi.com\/fr\/media-room\/communiques-de-presse\/2024\/2024-10-25-05-30-00-2969234<\/a> <a href=\"#post-2585-footnote-ref-9\">\u2191<\/a><\/li>\n<li id=\"post-2585-footnote-10\"><a href=\"https:\/\/www.consilium.europa.eu\/fr\/policies\/a-digital-future-for-europe\/#:~:text=Une%20%C3%A9conomie%20en%20croissance&amp;text=la%20valeur%20de%20l'%C3%A9conomie,grimpera%20de%2057%20%25%20%C3%A0%2065%20%25\">https:\/\/www.consilium.europa.eu\/fr\/policies\/a-digital-future-for-europe\/#:~:text=Une%20%C3%A9conomie%20en%20croissance&amp;text=la%20valeur%20de%20l&rsquo;%C3%A9conomie,grimpera%20de%2057%20%25%20%C3%A0%2065%20%25<\/a> <a href=\"#post-2585-footnote-ref-10\">\u2191<\/a><\/li>\n<\/ol>\n","protected":false},"excerpt":{"rendered":"<p>Le 2 janvier 2025 Standard &amp; Poor\u2019s[1], agence de notation de r\u00e9f\u00e9rence en termes de croissance, publiait les r\u00e9sultats d\u2019une analyse qui d\u00e9voilait les indices d\u00e9finitifs concernant l\u2019industrie manufacturi\u00e8re en Europe. \u00c0 la lecture de ces derniers, on a pu constater qu\u2019elle \u00e9tait \u00e0 la peine, enregistrant une baisse de rendement continue depuis plus de [&hellip;]<\/p>\n","protected":false},"author":3,"featured_media":2583,"comment_status":"open","ping_status":"open","sticky":false,"template":"","format":"standard","meta":{"footnotes":""},"categories":[16],"tags":[41],"class_list":["post-2585","post","type-post","status-publish","format-standard","has-post-thumbnail","hentry","category-politique","tag-janvier"],"yoast_head":"<!-- This site is optimized with the Yoast SEO plugin v26.1.1 - https:\/\/yoast.com\/wordpress\/plugins\/seo\/ -->\n<title>L&#039;Europe affiche une croissance \u00e0 plusieurs vitesses. - Revue des Temps<\/title>\n<meta name=\"robots\" content=\"index, follow, max-snippet:-1, max-image-preview:large, max-video-preview:-1\" \/>\n<link rel=\"canonical\" href=\"https:\/\/revuedestemps.com\/index.php\/2025\/01\/21\/leurope-affiche-une-croissance-a-plusieurs-vitesses\/\" \/>\n<meta property=\"og:locale\" content=\"fr_FR\" \/>\n<meta property=\"og:type\" content=\"article\" \/>\n<meta property=\"og:title\" content=\"L&#039;Europe affiche une croissance \u00e0 plusieurs vitesses. - Revue des Temps\" \/>\n<meta property=\"og:description\" content=\"Le 2 janvier 2025 Standard &amp; Poor\u2019s[1], agence de notation de r\u00e9f\u00e9rence en termes de croissance, publiait les r\u00e9sultats d\u2019une analyse qui d\u00e9voilait les indices d\u00e9finitifs concernant l\u2019industrie manufacturi\u00e8re en Europe. \u00c0 la lecture de ces derniers, on a pu constater qu\u2019elle \u00e9tait \u00e0 la peine, enregistrant une baisse de rendement continue depuis plus de [&hellip;]\" \/>\n<meta property=\"og:url\" content=\"https:\/\/revuedestemps.com\/index.php\/2025\/01\/21\/leurope-affiche-une-croissance-a-plusieurs-vitesses\/\" \/>\n<meta property=\"og:site_name\" content=\"Revue des Temps\" \/>\n<meta property=\"article:published_time\" content=\"2025-01-21T15:22:50+00:00\" \/>\n<meta property=\"article:modified_time\" content=\"2025-01-24T15:26:04+00:00\" \/>\n<meta property=\"og:image\" content=\"http:\/\/revuedestemps.com\/wp-content\/uploads\/2025\/01\/IMG-20250124-WA0007.jpg\" \/>\n\t<meta property=\"og:image:width\" content=\"2048\" \/>\n\t<meta property=\"og:image:height\" content=\"1152\" \/>\n\t<meta property=\"og:image:type\" content=\"image\/jpeg\" \/>\n<meta name=\"author\" content=\"Gaspard Rambel\" \/>\n<meta name=\"twitter:card\" content=\"summary_large_image\" \/>\n<meta name=\"twitter:label1\" content=\"\u00c9crit par\" \/>\n\t<meta name=\"twitter:data1\" content=\"Gaspard Rambel\" \/>\n\t<meta name=\"twitter:label2\" content=\"Dur\u00e9e de lecture estim\u00e9e\" \/>\n\t<meta name=\"twitter:data2\" content=\"3 minutes\" \/>\n<script type=\"application\/ld+json\" class=\"yoast-schema-graph\">{\"@context\":\"https:\/\/schema.org\",\"@graph\":[{\"@type\":\"Article\",\"@id\":\"https:\/\/revuedestemps.com\/index.php\/2025\/01\/21\/leurope-affiche-une-croissance-a-plusieurs-vitesses\/#article\",\"isPartOf\":{\"@id\":\"https:\/\/revuedestemps.com\/index.php\/2025\/01\/21\/leurope-affiche-une-croissance-a-plusieurs-vitesses\/\"},\"author\":{\"name\":\"Gaspard Rambel\",\"@id\":\"https:\/\/revuedestemps.com\/#\/schema\/person\/5dd0a03a675e44a338960d747e469d8f\"},\"headline\":\"L&rsquo;Europe affiche une croissance \u00e0 plusieurs vitesses.\",\"datePublished\":\"2025-01-21T15:22:50+00:00\",\"dateModified\":\"2025-01-24T15:26:04+00:00\",\"mainEntityOfPage\":{\"@id\":\"https:\/\/revuedestemps.com\/index.php\/2025\/01\/21\/leurope-affiche-une-croissance-a-plusieurs-vitesses\/\"},\"wordCount\":655,\"commentCount\":0,\"publisher\":{\"@id\":\"https:\/\/revuedestemps.com\/#organization\"},\"image\":{\"@id\":\"https:\/\/revuedestemps.com\/index.php\/2025\/01\/21\/leurope-affiche-une-croissance-a-plusieurs-vitesses\/#primaryimage\"},\"thumbnailUrl\":\"https:\/\/revuedestemps.com\/wp-content\/uploads\/2025\/01\/IMG-20250124-WA0007.jpg\",\"keywords\":[\"Janvier\"],\"articleSection\":[\"Politique\"],\"inLanguage\":\"fr-FR\",\"potentialAction\":[{\"@type\":\"CommentAction\",\"name\":\"Comment\",\"target\":[\"https:\/\/revuedestemps.com\/index.php\/2025\/01\/21\/leurope-affiche-une-croissance-a-plusieurs-vitesses\/#respond\"]}]},{\"@type\":\"WebPage\",\"@id\":\"https:\/\/revuedestemps.com\/index.php\/2025\/01\/21\/leurope-affiche-une-croissance-a-plusieurs-vitesses\/\",\"url\":\"https:\/\/revuedestemps.com\/index.php\/2025\/01\/21\/leurope-affiche-une-croissance-a-plusieurs-vitesses\/\",\"name\":\"L'Europe affiche une croissance \u00e0 plusieurs vitesses. - Revue des Temps\",\"isPartOf\":{\"@id\":\"https:\/\/revuedestemps.com\/#website\"},\"primaryImageOfPage\":{\"@id\":\"https:\/\/revuedestemps.com\/index.php\/2025\/01\/21\/leurope-affiche-une-croissance-a-plusieurs-vitesses\/#primaryimage\"},\"image\":{\"@id\":\"https:\/\/revuedestemps.com\/index.php\/2025\/01\/21\/leurope-affiche-une-croissance-a-plusieurs-vitesses\/#primaryimage\"},\"thumbnailUrl\":\"https:\/\/revuedestemps.com\/wp-content\/uploads\/2025\/01\/IMG-20250124-WA0007.jpg\",\"datePublished\":\"2025-01-21T15:22:50+00:00\",\"dateModified\":\"2025-01-24T15:26:04+00:00\",\"breadcrumb\":{\"@id\":\"https:\/\/revuedestemps.com\/index.php\/2025\/01\/21\/leurope-affiche-une-croissance-a-plusieurs-vitesses\/#breadcrumb\"},\"inLanguage\":\"fr-FR\",\"potentialAction\":[{\"@type\":\"ReadAction\",\"target\":[\"https:\/\/revuedestemps.com\/index.php\/2025\/01\/21\/leurope-affiche-une-croissance-a-plusieurs-vitesses\/\"]}]},{\"@type\":\"ImageObject\",\"inLanguage\":\"fr-FR\",\"@id\":\"https:\/\/revuedestemps.com\/index.php\/2025\/01\/21\/leurope-affiche-une-croissance-a-plusieurs-vitesses\/#primaryimage\",\"url\":\"https:\/\/revuedestemps.com\/wp-content\/uploads\/2025\/01\/IMG-20250124-WA0007.jpg\",\"contentUrl\":\"https:\/\/revuedestemps.com\/wp-content\/uploads\/2025\/01\/IMG-20250124-WA0007.jpg\",\"width\":2048,\"height\":1152},{\"@type\":\"BreadcrumbList\",\"@id\":\"https:\/\/revuedestemps.com\/index.php\/2025\/01\/21\/leurope-affiche-une-croissance-a-plusieurs-vitesses\/#breadcrumb\",\"itemListElement\":[{\"@type\":\"ListItem\",\"position\":1,\"name\":\"Accueil\",\"item\":\"https:\/\/revuedestemps.com\/\"},{\"@type\":\"ListItem\",\"position\":2,\"name\":\"L&rsquo;Europe affiche une croissance \u00e0 plusieurs vitesses.\"}]},{\"@type\":\"WebSite\",\"@id\":\"https:\/\/revuedestemps.com\/#website\",\"url\":\"https:\/\/revuedestemps.com\/\",\"name\":\"Revue des Temps\",\"description\":\"L&#039;actualit\u00e9 politique et culturelle sous tous les angles. Revue fond\u00e9e par Gaspard Rambel en novembre 2023.\",\"publisher\":{\"@id\":\"https:\/\/revuedestemps.com\/#organization\"},\"potentialAction\":[{\"@type\":\"SearchAction\",\"target\":{\"@type\":\"EntryPoint\",\"urlTemplate\":\"https:\/\/revuedestemps.com\/?s={search_term_string}\"},\"query-input\":{\"@type\":\"PropertyValueSpecification\",\"valueRequired\":true,\"valueName\":\"search_term_string\"}}],\"inLanguage\":\"fr-FR\"},{\"@type\":\"Organization\",\"@id\":\"https:\/\/revuedestemps.com\/#organization\",\"name\":\"Revue des Temps\",\"url\":\"https:\/\/revuedestemps.com\/\",\"logo\":{\"@type\":\"ImageObject\",\"inLanguage\":\"fr-FR\",\"@id\":\"https:\/\/revuedestemps.com\/#\/schema\/logo\/image\/\",\"url\":\"https:\/\/revuedestemps.com\/wp-content\/uploads\/2024\/03\/sticker-vintage-carte-map-monde-black-white-edited.jpg\",\"contentUrl\":\"https:\/\/revuedestemps.com\/wp-content\/uploads\/2024\/03\/sticker-vintage-carte-map-monde-black-white-edited.jpg\",\"width\":528,\"height\":528,\"caption\":\"Revue des Temps\"},\"image\":{\"@id\":\"https:\/\/revuedestemps.com\/#\/schema\/logo\/image\/\"}},{\"@type\":\"Person\",\"@id\":\"https:\/\/revuedestemps.com\/#\/schema\/person\/5dd0a03a675e44a338960d747e469d8f\",\"name\":\"Gaspard Rambel\",\"image\":{\"@type\":\"ImageObject\",\"inLanguage\":\"fr-FR\",\"@id\":\"https:\/\/revuedestemps.com\/#\/schema\/person\/image\/\",\"url\":\"https:\/\/secure.gravatar.com\/avatar\/c781574b7a9ec142e7aa58e2f42bc92245a3ef4968a31659d97245b1c5fb9154?s=96&d=mm&r=g\",\"contentUrl\":\"https:\/\/secure.gravatar.com\/avatar\/c781574b7a9ec142e7aa58e2f42bc92245a3ef4968a31659d97245b1c5fb9154?s=96&d=mm&r=g\",\"caption\":\"Gaspard Rambel\"},\"url\":\"https:\/\/revuedestemps.com\/index.php\/author\/gaspard\/\"}]}<\/script>\n<!-- \/ Yoast SEO plugin. -->","yoast_head_json":{"title":"L'Europe affiche une croissance \u00e0 plusieurs vitesses. - Revue des Temps","robots":{"index":"index","follow":"follow","max-snippet":"max-snippet:-1","max-image-preview":"max-image-preview:large","max-video-preview":"max-video-preview:-1"},"canonical":"https:\/\/revuedestemps.com\/index.php\/2025\/01\/21\/leurope-affiche-une-croissance-a-plusieurs-vitesses\/","og_locale":"fr_FR","og_type":"article","og_title":"L'Europe affiche une croissance \u00e0 plusieurs vitesses. - Revue des Temps","og_description":"Le 2 janvier 2025 Standard &amp; Poor\u2019s[1], agence de notation de r\u00e9f\u00e9rence en termes de croissance, publiait les r\u00e9sultats d\u2019une analyse qui d\u00e9voilait les indices d\u00e9finitifs concernant l\u2019industrie manufacturi\u00e8re en Europe. \u00c0 la lecture de ces derniers, on a pu constater qu\u2019elle \u00e9tait \u00e0 la peine, enregistrant une baisse de rendement continue depuis plus de [&hellip;]","og_url":"https:\/\/revuedestemps.com\/index.php\/2025\/01\/21\/leurope-affiche-une-croissance-a-plusieurs-vitesses\/","og_site_name":"Revue des Temps","article_published_time":"2025-01-21T15:22:50+00:00","article_modified_time":"2025-01-24T15:26:04+00:00","og_image":[{"width":2048,"height":1152,"url":"http:\/\/revuedestemps.com\/wp-content\/uploads\/2025\/01\/IMG-20250124-WA0007.jpg","type":"image\/jpeg"}],"author":"Gaspard Rambel","twitter_card":"summary_large_image","twitter_misc":{"\u00c9crit par":"Gaspard Rambel","Dur\u00e9e de lecture estim\u00e9e":"3 minutes"},"schema":{"@context":"https:\/\/schema.org","@graph":[{"@type":"Article","@id":"https:\/\/revuedestemps.com\/index.php\/2025\/01\/21\/leurope-affiche-une-croissance-a-plusieurs-vitesses\/#article","isPartOf":{"@id":"https:\/\/revuedestemps.com\/index.php\/2025\/01\/21\/leurope-affiche-une-croissance-a-plusieurs-vitesses\/"},"author":{"name":"Gaspard Rambel","@id":"https:\/\/revuedestemps.com\/#\/schema\/person\/5dd0a03a675e44a338960d747e469d8f"},"headline":"L&rsquo;Europe affiche une croissance \u00e0 plusieurs vitesses.","datePublished":"2025-01-21T15:22:50+00:00","dateModified":"2025-01-24T15:26:04+00:00","mainEntityOfPage":{"@id":"https:\/\/revuedestemps.com\/index.php\/2025\/01\/21\/leurope-affiche-une-croissance-a-plusieurs-vitesses\/"},"wordCount":655,"commentCount":0,"publisher":{"@id":"https:\/\/revuedestemps.com\/#organization"},"image":{"@id":"https:\/\/revuedestemps.com\/index.php\/2025\/01\/21\/leurope-affiche-une-croissance-a-plusieurs-vitesses\/#primaryimage"},"thumbnailUrl":"https:\/\/revuedestemps.com\/wp-content\/uploads\/2025\/01\/IMG-20250124-WA0007.jpg","keywords":["Janvier"],"articleSection":["Politique"],"inLanguage":"fr-FR","potentialAction":[{"@type":"CommentAction","name":"Comment","target":["https:\/\/revuedestemps.com\/index.php\/2025\/01\/21\/leurope-affiche-une-croissance-a-plusieurs-vitesses\/#respond"]}]},{"@type":"WebPage","@id":"https:\/\/revuedestemps.com\/index.php\/2025\/01\/21\/leurope-affiche-une-croissance-a-plusieurs-vitesses\/","url":"https:\/\/revuedestemps.com\/index.php\/2025\/01\/21\/leurope-affiche-une-croissance-a-plusieurs-vitesses\/","name":"L'Europe affiche une croissance \u00e0 plusieurs vitesses. - Revue des Temps","isPartOf":{"@id":"https:\/\/revuedestemps.com\/#website"},"primaryImageOfPage":{"@id":"https:\/\/revuedestemps.com\/index.php\/2025\/01\/21\/leurope-affiche-une-croissance-a-plusieurs-vitesses\/#primaryimage"},"image":{"@id":"https:\/\/revuedestemps.com\/index.php\/2025\/01\/21\/leurope-affiche-une-croissance-a-plusieurs-vitesses\/#primaryimage"},"thumbnailUrl":"https:\/\/revuedestemps.com\/wp-content\/uploads\/2025\/01\/IMG-20250124-WA0007.jpg","datePublished":"2025-01-21T15:22:50+00:00","dateModified":"2025-01-24T15:26:04+00:00","breadcrumb":{"@id":"https:\/\/revuedestemps.com\/index.php\/2025\/01\/21\/leurope-affiche-une-croissance-a-plusieurs-vitesses\/#breadcrumb"},"inLanguage":"fr-FR","potentialAction":[{"@type":"ReadAction","target":["https:\/\/revuedestemps.com\/index.php\/2025\/01\/21\/leurope-affiche-une-croissance-a-plusieurs-vitesses\/"]}]},{"@type":"ImageObject","inLanguage":"fr-FR","@id":"https:\/\/revuedestemps.com\/index.php\/2025\/01\/21\/leurope-affiche-une-croissance-a-plusieurs-vitesses\/#primaryimage","url":"https:\/\/revuedestemps.com\/wp-content\/uploads\/2025\/01\/IMG-20250124-WA0007.jpg","contentUrl":"https:\/\/revuedestemps.com\/wp-content\/uploads\/2025\/01\/IMG-20250124-WA0007.jpg","width":2048,"height":1152},{"@type":"BreadcrumbList","@id":"https:\/\/revuedestemps.com\/index.php\/2025\/01\/21\/leurope-affiche-une-croissance-a-plusieurs-vitesses\/#breadcrumb","itemListElement":[{"@type":"ListItem","position":1,"name":"Accueil","item":"https:\/\/revuedestemps.com\/"},{"@type":"ListItem","position":2,"name":"L&rsquo;Europe affiche une croissance \u00e0 plusieurs vitesses."}]},{"@type":"WebSite","@id":"https:\/\/revuedestemps.com\/#website","url":"https:\/\/revuedestemps.com\/","name":"Revue des Temps","description":"L&#039;actualit\u00e9 politique et culturelle sous tous les angles. Revue fond\u00e9e par Gaspard Rambel en novembre 2023.","publisher":{"@id":"https:\/\/revuedestemps.com\/#organization"},"potentialAction":[{"@type":"SearchAction","target":{"@type":"EntryPoint","urlTemplate":"https:\/\/revuedestemps.com\/?s={search_term_string}"},"query-input":{"@type":"PropertyValueSpecification","valueRequired":true,"valueName":"search_term_string"}}],"inLanguage":"fr-FR"},{"@type":"Organization","@id":"https:\/\/revuedestemps.com\/#organization","name":"Revue des Temps","url":"https:\/\/revuedestemps.com\/","logo":{"@type":"ImageObject","inLanguage":"fr-FR","@id":"https:\/\/revuedestemps.com\/#\/schema\/logo\/image\/","url":"https:\/\/revuedestemps.com\/wp-content\/uploads\/2024\/03\/sticker-vintage-carte-map-monde-black-white-edited.jpg","contentUrl":"https:\/\/revuedestemps.com\/wp-content\/uploads\/2024\/03\/sticker-vintage-carte-map-monde-black-white-edited.jpg","width":528,"height":528,"caption":"Revue des Temps"},"image":{"@id":"https:\/\/revuedestemps.com\/#\/schema\/logo\/image\/"}},{"@type":"Person","@id":"https:\/\/revuedestemps.com\/#\/schema\/person\/5dd0a03a675e44a338960d747e469d8f","name":"Gaspard Rambel","image":{"@type":"ImageObject","inLanguage":"fr-FR","@id":"https:\/\/revuedestemps.com\/#\/schema\/person\/image\/","url":"https:\/\/secure.gravatar.com\/avatar\/c781574b7a9ec142e7aa58e2f42bc92245a3ef4968a31659d97245b1c5fb9154?s=96&d=mm&r=g","contentUrl":"https:\/\/secure.gravatar.com\/avatar\/c781574b7a9ec142e7aa58e2f42bc92245a3ef4968a31659d97245b1c5fb9154?s=96&d=mm&r=g","caption":"Gaspard Rambel"},"url":"https:\/\/revuedestemps.com\/index.php\/author\/gaspard\/"}]}},"_links":{"self":[{"href":"https:\/\/revuedestemps.com\/index.php\/wp-json\/wp\/v2\/posts\/2585","targetHints":{"allow":["GET"]}}],"collection":[{"href":"https:\/\/revuedestemps.com\/index.php\/wp-json\/wp\/v2\/posts"}],"about":[{"href":"https:\/\/revuedestemps.com\/index.php\/wp-json\/wp\/v2\/types\/post"}],"author":[{"embeddable":true,"href":"https:\/\/revuedestemps.com\/index.php\/wp-json\/wp\/v2\/users\/3"}],"replies":[{"embeddable":true,"href":"https:\/\/revuedestemps.com\/index.php\/wp-json\/wp\/v2\/comments?post=2585"}],"version-history":[{"count":2,"href":"https:\/\/revuedestemps.com\/index.php\/wp-json\/wp\/v2\/posts\/2585\/revisions"}],"predecessor-version":[{"id":2587,"href":"https:\/\/revuedestemps.com\/index.php\/wp-json\/wp\/v2\/posts\/2585\/revisions\/2587"}],"wp:featuredmedia":[{"embeddable":true,"href":"https:\/\/revuedestemps.com\/index.php\/wp-json\/wp\/v2\/media\/2583"}],"wp:attachment":[{"href":"https:\/\/revuedestemps.com\/index.php\/wp-json\/wp\/v2\/media?parent=2585"}],"wp:term":[{"taxonomy":"category","embeddable":true,"href":"https:\/\/revuedestemps.com\/index.php\/wp-json\/wp\/v2\/categories?post=2585"},{"taxonomy":"post_tag","embeddable":true,"href":"https:\/\/revuedestemps.com\/index.php\/wp-json\/wp\/v2\/tags?post=2585"}],"curies":[{"name":"wp","href":"https:\/\/api.w.org\/{rel}","templated":true}]}}