{"id":3034,"date":"2025-03-22T12:26:11","date_gmt":"2025-03-22T11:26:11","guid":{"rendered":"https:\/\/revuedestemps.com\/?p=3034"},"modified":"2026-04-25T14:10:21","modified_gmt":"2026-04-25T12:10:21","slug":"hesitation-de-loccident-et-changements-geopolitiques-le-cas-de-lukraine-de-la-georgie-et-de-lazerbaidjan","status":"publish","type":"post","link":"https:\/\/revuedestemps.com\/index.php\/2025\/03\/22\/hesitation-de-loccident-et-changements-geopolitiques-le-cas-de-lukraine-de-la-georgie-et-de-lazerbaidjan\/","title":{"rendered":"H\u00e9sitation de l&rsquo;Occident et changements g\u00e9opolitiques : le cas de l&rsquo;Ukraine, de la G\u00e9orgie et de l&rsquo;Azerba\u00efdjan"},"content":{"rendered":"<h4 style=\"text-align: left;\">Alors que les crises s&rsquo;intensifient en Europe de l&rsquo;Est et dans le Caucase, l&rsquo;Occident se retrouve de plus en plus impuissant, non seulement en raison de pressions ext\u00e9rieures, mais aussi \u00e0 cause de ses propres \u00e9checs. De la guerre en Ukraine \u00e0 la d\u00e9rive autoritaire<sup><sup><a id=\"post-3034-footnote-ref-0\" href=\"#post-3034-footnote-0\">[1]<\/a><\/sup><\/sup> de la G\u00e9orgie en passant par les ambitions r\u00e9gionales croissantes<sup><sup><a id=\"post-3034-footnote-ref-1\" href=\"#post-3034-footnote-1\">[2]<\/a><\/sup><\/sup> de l&rsquo;Azerba\u00efdjan, un sch\u00e9ma dangereux a \u00e9merg\u00e9 : des ann\u00e9es de n\u00e9gligence occidentale ont laiss\u00e9 des nations cl\u00e9s vuln\u00e9rables \u00e0 l&rsquo;influence russe et \u00e0 un d\u00e9clin interne.<\/h4>\n<h4>En Ukraine, l&rsquo;ind\u00e9cision occidentale concernant l&rsquo;aide militaire<sup><sup><a id=\"post-3034-footnote-ref-2\" href=\"#post-3034-footnote-2\">[3]<\/a><\/sup><\/sup> a affaibli la position de Kyiv sur le champ de bataille, jouant en faveur de la strat\u00e9gie \u00e0 long terme de la Russie. En G\u00e9orgie, une oligarchie align\u00e9e sur le Kremlin a gagn\u00e9 du terrain, non seulement \u00e0 cause de sa propre r\u00e9pression, mais aussi en raison d&rsquo;ann\u00e9es d&rsquo;inaction et d&rsquo;abandon de l&rsquo;Occident. En Azerba\u00efdjan, un r\u00e9gime calculateur tire parti de ses liens avec la Russie et l&rsquo;Occident pour \u00e9tendre son influence, y compris de potentielles actions contre l&rsquo;Iran.<\/h4>\n<h4>Ce n&rsquo;est plus seulement une question d&rsquo;erreurs strat\u00e9giques. L&rsquo;incapacit\u00e9 de l&rsquo;Occident \u00e0 agir de mani\u00e8re d\u00e9cisive dans ces r\u00e9gions menace toute l\u2019architecture de s\u00e9curit\u00e9 post-Guerre froide. Si cela continue, la Russie, la Chine et d&rsquo;autres r\u00e9gimes autoritaires dicteront l&rsquo;avenir des fronti\u00e8res de l&rsquo;Europe, et non plus Bruxelles ou Washington.<\/h4>\n<h2><strong>L&rsquo;H\u00e9sitation de l&rsquo;Occident envers l&rsquo;Ukraine : une crise de cr\u00e9dibilit\u00e9 <\/strong><\/h2>\n<h4>Le test le plus imm\u00e9diat de la d\u00e9termination occidentale se trouve en Ukraine. Avec l&rsquo;administration de Donald Trump qui retire activement son soutien, l&rsquo;Europe a promis d&rsquo;intervenir, mais commence d\u00e9j\u00e0 \u00e0 faiblir. L&rsquo;UE a initialement promis de doubler l&rsquo;assistance militaire, mais des acteurs cl\u00e9s, dont la France et l&rsquo;Italie, ont bloqu\u00e9 des envois d&rsquo;urgence de munitions. Cette paralysie a cr\u00e9\u00e9 un dangereux vide dans les d\u00e9fenses de l&rsquo;Ukraine, que Moscou est d\u00e9sireux d&rsquo;exploiter.<\/h4>\n<h4>Ce qui est en jeu n&rsquo;est pas seulement la survie de l&rsquo;Ukraine, mais la cr\u00e9dibilit\u00e9 de l&rsquo;OTAN et de l&rsquo;ensemble de l&rsquo;alliance transatlantique. Si le soutien occidental faiblit davantage, Kyiv pourrait \u00eatre contraint d&rsquo;accepter un accord de paix aux conditions de Moscou, \u00e9tablissant un pr\u00e9c\u00e9dent selon lequel les puissances autoritaires peuvent red\u00e9finir les fronti\u00e8res par la force.<\/h4>\n<h2><strong>G\u00e9orgie : N\u00e9gligence Occidentale et mont\u00e9e d&rsquo;un r\u00e9gime oligarchique<\/strong><\/h2>\n<h4>La crise en G\u00e9orgie est souvent attribu\u00e9e uniquement au gouvernement en place, \u201cle r\u00eave g\u00e9orgien\u201d, un r\u00e9gime oligarchique pro-Kremlin contr\u00f4l\u00e9 par Bidzina Ivanishvili<sup><sup><a id=\"post-3034-footnote-ref-3\" href=\"#post-3034-footnote-3\">[4]<\/a><\/sup><\/sup>, avec le Premier ministre Irakli Kobakhidze servant de pantin politique. Cependant, l&rsquo;histoire compl\u00e8te est plus accablante : l&rsquo;effondrement d\u00e9mocratique de la G\u00e9orgie est aussi le r\u00e9sultat de nombreuses ann\u00e9es de n\u00e9gligence occidentale.<\/h4>\n<h4>Depuis plus d&rsquo;une d\u00e9cennie, la G\u00e9orgie s&rsquo;est impos\u00e9e comme l&rsquo;une des nations les plus pro-europ\u00e9ennes de la r\u00e9gion, envoyant des troupes aux missions de l&rsquo;OTAN, s&rsquo;alignant sur les politiques de l&rsquo;UE et demandant \u00e0 plusieurs reprises un soutien occidental plus fort. Pourtant, chaque fois que la G\u00e9orgie a cherch\u00e9 une int\u00e9gration plus profonde, l&rsquo;Occident a h\u00e9sit\u00e9.<\/h4>\n<h4>&#8211; En 2008, l&rsquo;OTAN a refus\u00e9 de donner \u00e0 la G\u00e9orgie un Plan d&rsquo;action pour l&rsquo;adh\u00e9sion (MAP)<sup><sup><a id=\"post-3034-footnote-ref-4\" href=\"#post-3034-footnote-4\">[5]<\/a><\/sup><\/sup>, encourageant ainsi la Russie \u00e0 envahir plus tard cette ann\u00e9e-l\u00e0.<\/h4>\n<h4>&#8211; Contrairement \u00e0 l&rsquo;Ukraine, la G\u00e9orgie n&rsquo;a re\u00e7u aucune garantie de s\u00e9curit\u00e9 r\u00e9elle ou aide militaire significative, malgr\u00e9 sa position strat\u00e9gique.<\/h4>\n<h4>&#8211; L&rsquo;assistance \u00e9conomique est rest\u00e9e limit\u00e9e, laissant la G\u00e9orgie vuln\u00e9rable aux investissements russes et au contr\u00f4le oligarchique.<\/h4>\n<h4>&#8211; Lorsque l&rsquo;Occident a impos\u00e9 des sanctions \u00e0 la Russie en 2022, il a \u00e9chou\u00e9 \u00e0 tenir la G\u00e9orgie responsable d&rsquo;aider Moscou \u00e0 les contourner, permettant ainsi au gouvernement de se d\u00e9tourner davantage vers l&rsquo;autoritarisme.<\/h4>\n<h4>Ce sch\u00e9ma d&rsquo;abandon a maintenant \u00e9t\u00e9 instrumentalis\u00e9 par le gouvernement du r\u00eave g\u00e9orgien pour justifier son pivot pro-Kremlin. Kobakhidze et Ivanishvili soutiennent d\u00e9sormais que l&rsquo;Occident n&rsquo;a jamais v\u00e9ritablement soutenu la G\u00e9orgie, utilisant cela comme pr\u00e9texte pour r\u00e9primer l&rsquo;opposition, s&rsquo;aligner avec Moscou et \u00e9loigner Tbilissi de l&rsquo;UE et de l&rsquo;OTAN.<\/h4>\n<h4>Le gouvernement a acc\u00e9l\u00e9r\u00e9 sa r\u00e9pression autoritaire, suivant le mod\u00e8le du Kremlin :<\/h4>\n<h4>&#8211; Nouvelles lois criminalisant les manifestations et les blocages de routes.<\/h4>\n<h4>&#8211; Amendes massives impos\u00e9es aux activistes pour \u00e9touffer financi\u00e8rement la dissidence.<\/h4>\n<h4>&#8211; Raids policiers ciblant des leaders de la soci\u00e9t\u00e9 civile.<\/h4>\n<h4>&#8211; Attaques violentes contre des figures de l&rsquo;opposition, y compris la pr\u00e9sidente Salome Zurabishvili, qui a \u00e9t\u00e9 agress\u00e9e par des voyous pro-gouvernementaux \u00e0 son retour de Munich.<\/h4>\n<h4>Si l&rsquo;Occident avait investi dans la s\u00e9curit\u00e9 et la d\u00e9mocratie de la G\u00e9orgie quand cela comptait, la situation aurait pu \u00eatre diff\u00e9rente. Au lieu de cela, le pays glisse maintenant vers la sph\u00e8re d&rsquo;influence du Kremlin, non seulement en raison de la corruption interne, mais aussi \u00e0 cause d&rsquo;un manque d&rsquo;engagement occidental.<\/h4>\n<h4>La trag\u00e9die de la G\u00e9orgie est qu&rsquo;elle n&rsquo;a jamais \u00e9t\u00e9 perdue \u00e0 cause de l\u2019ing\u00e9rence Russe, elle a \u00e9t\u00e9 abandonn\u00e9e par l&rsquo;Occident.<\/h4>\n<h2><strong>Azerba\u00efdjan : Exploiter la faiblesse occidentale pour favoriser l\u2019expansion r\u00e9gionale<\/strong><\/h2>\n<h4>Alors que la G\u00e9orgie est ramen\u00e9e dans l\u2019orbite russe, l\u2019Azerba\u00efdjan joue un jeu plus calcul\u00e9, \u00e9quilibrant ses liens avec Moscou, Washington et m\u00eame Isra\u00ebl.<\/h4>\n<h4>Bakou a r\u00e9cemment finalis\u00e9 un accord de paix avec l\u2019Arm\u00e9nie<sup><sup><a id=\"post-3034-footnote-ref-5\" href=\"#post-3034-footnote-5\">[6]<\/a><\/sup><\/sup>, signalant une fin potentielle \u00e0 leur conflit de longue date. Cependant, les affirmations r\u00e9p\u00e9t\u00e9es de l\u2019Azerba\u00efdjan selon lesquelles l\u2019Arm\u00e9nie viole la fronti\u00e8re, en d\u00e9pit d\u2019aucune preuve concr\u00e8te, sugg\u00e8rent qu\u2019elle se pr\u00e9pare \u00e0 une nouvelle escalade.<\/h4>\n<h4>Les ambitions de l\u2019Azerba\u00efdjan s\u2019\u00e9tendent bien au-del\u00e0 de l\u2019Arm\u00e9nie :<\/h4>\n<h4>\u2022 Elle a renforc\u00e9 son alliance avec la Turquie et Isra\u00ebl, renfor\u00e7ant ainsi ses liens militaires.<\/h4>\n<h4>\u2022 Elle maintient une \u00e9troite coop\u00e9ration avec la Russie, en veillant \u00e0 ce que Moscou n\u2019interf\u00e8re pas dans ses actions.<\/h4>\n<h4>\u2022 Elle est devenue un partenaire \u00e9nerg\u00e9tique occidental crucial, en obtenant des accords avec l\u2019UE qui augmentent son effet de levier.<\/h4>\n<h4>\u2022 Elle a fait allusion \u00e0 des ambitions expansionnistes dans les territoires du nord de l\u2019Iran, s\u2019alignant sur la rh\u00e9torique anti-iranienne de Washington et de Tel-Aviv.<\/h4>\n<h4>La capacit\u00e9 de l\u2019Azerba\u00efdjan \u00e0 man\u0153uvrer entre ces centres de pouvoir n\u2019est possible que parce que l\u2019Occident manque d\u2019une politique claire et unifi\u00e9e sur Bakou. En cons\u00e9quence, l\u2019Azerba\u00efdjan est aujourd\u2019hui un acteur cl\u00e9 pour fa\u00e7onner l\u2019avenir de la r\u00e9gion, potentiellement concernant un futur conflit avec l\u2019Iran.<\/h4>\n<h2><strong>L\u2019\u00e9chec strat\u00e9gique de l\u2019Occident et ses cons\u00e9quences<\/strong><\/h2>\n<h4>De la guerre en Ukraine \u00e0 l\u2019effondrement d\u00e9mocratique de la G\u00e9orgie et aux ambitions g\u00e9opolitiques de l\u2019Azerba\u00efdjan, le sch\u00e9ma est clair\u00a0: l\u2019inaction de l\u2019Occident a enhardi les r\u00e9gimes autoritaires et affaibli sa propre cr\u00e9dibilit\u00e9.<\/h4>\n<h4>\u2022 L\u2019Ukraine est en danger parce que l\u2019Occident ne peut m\u00eame pas s\u2019entendre sur l\u2019envoi de munitions, et encore moins sur une strat\u00e9gie de s\u00e9curit\u00e9 \u00e0 long terme.<\/h4>\n<h4>\u2022 La G\u00e9orgie tombe sous le joug du Kremlin, non seulement \u00e0 cause de ses dirigeants oligarchiques, mais aussi parce que l\u2019Occident l\u2019a n\u00e9glig\u00e9e pendant des ann\u00e9es.<\/h4>\n<h4>\u2022 L\u2019Azerba\u00efdjan est en train de remodeler la dynamique du pouvoir r\u00e9gional, sachant que l\u2019Occident n\u2019a pas la clart\u00e9 n\u00e9cessaire pour contester ses man\u0153uvres.<\/h4>\n<h4>Si les dirigeants occidentaux ne changent pas de cap, ils se trouveront bient\u00f4t face \u00e0 un monde o\u00f9 la Russie, la Chine et d\u2019autres r\u00e9gimes autoritaires dicteront les r\u00e8gles tandis que l\u2019Occident sera r\u00e9duit \u00e0 \u00e9mettre des d\u00e9clarations \u00ab\u00a0pr\u00e9occupantes\u00a0\u00bb.<\/h4>\n<h4>Le temps de l\u2019h\u00e9sitation est r\u00e9volu. Le co\u00fbt de l\u2019inaction est d\u00e9j\u00e0 visible\u00a0: l\u2019effondrement des forces pro-occidentales, la mont\u00e9e des autocrates et l\u2019\u00e9rosion de la confiance dans le monde d\u00e9mocratique. Si l\u2019Occident continue d\u2019abandonner ses alli\u00e9s, il se trouvera bient\u00f4t lui aussi abandonn\u00e9.<\/h4>\n<h3>Giorgi Germesashvili<\/h3>\n<ol>\n<li id=\"post-3034-footnote-0\"><a href=\"https:\/\/lecourrier.ch\/2025\/02\/21\/la-georgie-a-la-croisee-des-chemins\/\">https:\/\/lecourrier.ch\/2025\/02\/21\/la-georgie-a-la-croisee-des-chemins\/<\/a> <a href=\"#post-3034-footnote-ref-0\">\u2191<\/a><\/li>\n<li id=\"post-3034-footnote-1\"><a href=\"https:\/\/www.la-croix.com\/Monde\/guerre-haut-karabakh-conflit-azerbaidjan-armenie\">https:\/\/www.la-croix.com\/Monde\/guerre-haut-karabakh-conflit-azerbaidjan-armenie<\/a> <a href=\"#post-3034-footnote-ref-1\">\u2191<\/a><\/li>\n<li id=\"post-3034-footnote-2\"><a href=\"https:\/\/revuedestemps.com\/index.php\/2025\/02\/10\/le-role-des-etats-unis-dans-les-conflits-mondiaux\/\">https:\/\/revuedestemps.com\/index.php\/2025\/02\/10\/le-role-des-etats-unis-dans-les-conflits-mondiaux\/<\/a> <a href=\"#post-3034-footnote-ref-2\">\u2191<\/a><\/li>\n<li id=\"post-3034-footnote-3\"><a href=\"https:\/\/www.lemonde.fr\/international\/article\/2024\/06\/12\/comment-bidzina-ivanichvili-la-marionnette-de-poutine-a-fait-basculer-la-georgie_6239126_3210.html\">https:\/\/www.lemonde.fr\/international\/article\/2024\/06\/12\/comment-bidzina-ivanichvili-la-marionnette-de-poutine-a-fait-basculer-la-georgie_6239126_3210.html<\/a> <a href=\"#post-3034-footnote-ref-3\">\u2191<\/a><\/li>\n<li id=\"post-3034-footnote-4\"><a href=\"https:\/\/www.lemonde.fr\/international\/article\/2008\/03\/07\/l-otan-tempere-les-espoirs-d-adhesion-de-la-georgie-et-de-l-ukraine_1019968_3210.html\">https:\/\/www.lemonde.fr\/international\/article\/2008\/03\/07\/l-otan-tempere-les-espoirs-d-adhesion-de-la-georgie-et-de-l-ukraine_1019968_3210.html<\/a> <a href=\"#post-3034-footnote-ref-4\">\u2191<\/a><\/li>\n<li id=\"post-3034-footnote-5\"><a href=\"https:\/\/www.diplomatie.gouv.fr\/fr\/dossiers-pays\/armenie\/evenements\/article\/armenie-azerbaidjan-aboutissement-de-la-negociation-d-un-traite-de-paix-13-03#:~:text=%C3%89v%C3%A8nements-,Arm%C3%A9nie%2FAzerba%C3%AFdjan%20%2D%20Aboutissement%20de%20la%20n%C3%A9gociation%20d'un%20trait%C3%A9,de%20paix%20(13%20mars%202025)&amp;text=La%20France%20salue%20l'annonce,intervenir%20dans%20les%20meilleurs%20d%C3%A9lais\">https:\/\/www.diplomatie.gouv.fr\/fr\/dossiers-pays\/armenie\/evenements\/article\/armenie-azerbaidjan-aboutissement-de-la-negociation-d-un-traite-de-paix-13-03#:~:text=%C3%89v%C3%A8nements-,Arm%C3%A9nie%2FAzerba%C3%AFdjan%20%2D%20Aboutissement%20de%20la%20n%C3%A9gociation%20d&rsquo;un%20trait%C3%A9,de%20paix%20(13%20mars%202025)&amp;text=La%20France%20salue%20l&rsquo;annonce,intervenir%20dans%20les%20meilleurs%20d%C3%A9lais<\/a>. <a href=\"#post-3034-footnote-ref-5\">\u2191<\/a><\/li>\n<\/ol>\n","protected":false},"excerpt":{"rendered":"<p>Alors que les crises s&rsquo;intensifient en Europe de l&rsquo;Est et dans le Caucase, l&rsquo;Occident se retrouve de plus en plus impuissant, non seulement en raison de pressions ext\u00e9rieures, mais aussi \u00e0 cause de ses propres \u00e9checs. De la guerre en Ukraine \u00e0 la d\u00e9rive autoritaire[1] de la G\u00e9orgie en passant par les ambitions r\u00e9gionales croissantes[2] [&hellip;]<\/p>\n","protected":false},"author":18,"featured_media":3043,"comment_status":"open","ping_status":"open","sticky":false,"template":"","format":"standard","meta":{"footnotes":""},"categories":[17,16],"tags":[43],"class_list":["post-3034","post","type-post","status-publish","format-standard","has-post-thumbnail","hentry","category-histoire","category-politique","tag-mars"],"yoast_head":"<!-- This site is optimized with the Yoast SEO plugin v26.1.1 - https:\/\/yoast.com\/wordpress\/plugins\/seo\/ -->\n<title>H\u00e9sitation de l&#039;Occident et changements g\u00e9opolitiques : le cas de l&#039;Ukraine, de la G\u00e9orgie et de l&#039;Azerba\u00efdjan - Revue des Temps<\/title>\n<meta name=\"robots\" content=\"index, follow, max-snippet:-1, max-image-preview:large, max-video-preview:-1\" \/>\n<link rel=\"canonical\" href=\"https:\/\/revuedestemps.com\/index.php\/2025\/03\/22\/hesitation-de-loccident-et-changements-geopolitiques-le-cas-de-lukraine-de-la-georgie-et-de-lazerbaidjan\/\" \/>\n<meta property=\"og:locale\" content=\"fr_FR\" \/>\n<meta property=\"og:type\" content=\"article\" \/>\n<meta property=\"og:title\" content=\"H\u00e9sitation de l&#039;Occident et changements g\u00e9opolitiques : le cas de l&#039;Ukraine, de la G\u00e9orgie et de l&#039;Azerba\u00efdjan - Revue des Temps\" \/>\n<meta property=\"og:description\" content=\"Alors que les crises s&rsquo;intensifient en Europe de l&rsquo;Est et dans le Caucase, l&rsquo;Occident se retrouve de plus en plus impuissant, non seulement en raison de pressions ext\u00e9rieures, mais aussi \u00e0 cause de ses propres \u00e9checs. De la guerre en Ukraine \u00e0 la d\u00e9rive autoritaire[1] de la G\u00e9orgie en passant par les ambitions r\u00e9gionales croissantes[2] [&hellip;]\" \/>\n<meta property=\"og:url\" content=\"https:\/\/revuedestemps.com\/index.php\/2025\/03\/22\/hesitation-de-loccident-et-changements-geopolitiques-le-cas-de-lukraine-de-la-georgie-et-de-lazerbaidjan\/\" \/>\n<meta property=\"og:site_name\" content=\"Revue des Temps\" \/>\n<meta property=\"article:published_time\" content=\"2025-03-22T11:26:11+00:00\" \/>\n<meta property=\"article:modified_time\" content=\"2026-04-25T12:10:21+00:00\" \/>\n<meta property=\"og:image\" content=\"http:\/\/revuedestemps.com\/wp-content\/uploads\/2025\/03\/IMG-20250322-WA0002.jpg\" \/>\n\t<meta property=\"og:image:width\" content=\"2048\" \/>\n\t<meta property=\"og:image:height\" content=\"1152\" \/>\n\t<meta property=\"og:image:type\" content=\"image\/jpeg\" \/>\n<meta name=\"author\" content=\"Giorgi Germesashvili\" \/>\n<meta name=\"twitter:card\" content=\"summary_large_image\" \/>\n<meta name=\"twitter:label1\" content=\"\u00c9crit par\" \/>\n\t<meta name=\"twitter:data1\" content=\"Giorgi Germesashvili\" \/>\n\t<meta name=\"twitter:label2\" content=\"Dur\u00e9e de lecture estim\u00e9e\" \/>\n\t<meta name=\"twitter:data2\" content=\"7 minutes\" \/>\n<script type=\"application\/ld+json\" class=\"yoast-schema-graph\">{\"@context\":\"https:\/\/schema.org\",\"@graph\":[{\"@type\":\"Article\",\"@id\":\"https:\/\/revuedestemps.com\/index.php\/2025\/03\/22\/hesitation-de-loccident-et-changements-geopolitiques-le-cas-de-lukraine-de-la-georgie-et-de-lazerbaidjan\/#article\",\"isPartOf\":{\"@id\":\"https:\/\/revuedestemps.com\/index.php\/2025\/03\/22\/hesitation-de-loccident-et-changements-geopolitiques-le-cas-de-lukraine-de-la-georgie-et-de-lazerbaidjan\/\"},\"author\":{\"name\":\"Giorgi Germesashvili\",\"@id\":\"https:\/\/revuedestemps.com\/#\/schema\/person\/6812646a72d0bdab0ebafa6921a91165\"},\"headline\":\"H\u00e9sitation de l&rsquo;Occident et changements g\u00e9opolitiques : le cas de l&rsquo;Ukraine, de la G\u00e9orgie et de l&rsquo;Azerba\u00efdjan\",\"datePublished\":\"2025-03-22T11:26:11+00:00\",\"dateModified\":\"2026-04-25T12:10:21+00:00\",\"mainEntityOfPage\":{\"@id\":\"https:\/\/revuedestemps.com\/index.php\/2025\/03\/22\/hesitation-de-loccident-et-changements-geopolitiques-le-cas-de-lukraine-de-la-georgie-et-de-lazerbaidjan\/\"},\"wordCount\":1476,\"commentCount\":0,\"publisher\":{\"@id\":\"https:\/\/revuedestemps.com\/#organization\"},\"image\":{\"@id\":\"https:\/\/revuedestemps.com\/index.php\/2025\/03\/22\/hesitation-de-loccident-et-changements-geopolitiques-le-cas-de-lukraine-de-la-georgie-et-de-lazerbaidjan\/#primaryimage\"},\"thumbnailUrl\":\"https:\/\/revuedestemps.com\/wp-content\/uploads\/2025\/03\/IMG-20250322-WA0002.jpg\",\"keywords\":[\"Mars\"],\"articleSection\":[\"Histoire\",\"Politique\"],\"inLanguage\":\"fr-FR\",\"potentialAction\":[{\"@type\":\"CommentAction\",\"name\":\"Comment\",\"target\":[\"https:\/\/revuedestemps.com\/index.php\/2025\/03\/22\/hesitation-de-loccident-et-changements-geopolitiques-le-cas-de-lukraine-de-la-georgie-et-de-lazerbaidjan\/#respond\"]}]},{\"@type\":\"WebPage\",\"@id\":\"https:\/\/revuedestemps.com\/index.php\/2025\/03\/22\/hesitation-de-loccident-et-changements-geopolitiques-le-cas-de-lukraine-de-la-georgie-et-de-lazerbaidjan\/\",\"url\":\"https:\/\/revuedestemps.com\/index.php\/2025\/03\/22\/hesitation-de-loccident-et-changements-geopolitiques-le-cas-de-lukraine-de-la-georgie-et-de-lazerbaidjan\/\",\"name\":\"H\u00e9sitation de l'Occident et changements g\u00e9opolitiques : le cas de l'Ukraine, de la G\u00e9orgie et de l'Azerba\u00efdjan - Revue des Temps\",\"isPartOf\":{\"@id\":\"https:\/\/revuedestemps.com\/#website\"},\"primaryImageOfPage\":{\"@id\":\"https:\/\/revuedestemps.com\/index.php\/2025\/03\/22\/hesitation-de-loccident-et-changements-geopolitiques-le-cas-de-lukraine-de-la-georgie-et-de-lazerbaidjan\/#primaryimage\"},\"image\":{\"@id\":\"https:\/\/revuedestemps.com\/index.php\/2025\/03\/22\/hesitation-de-loccident-et-changements-geopolitiques-le-cas-de-lukraine-de-la-georgie-et-de-lazerbaidjan\/#primaryimage\"},\"thumbnailUrl\":\"https:\/\/revuedestemps.com\/wp-content\/uploads\/2025\/03\/IMG-20250322-WA0002.jpg\",\"datePublished\":\"2025-03-22T11:26:11+00:00\",\"dateModified\":\"2026-04-25T12:10:21+00:00\",\"breadcrumb\":{\"@id\":\"https:\/\/revuedestemps.com\/index.php\/2025\/03\/22\/hesitation-de-loccident-et-changements-geopolitiques-le-cas-de-lukraine-de-la-georgie-et-de-lazerbaidjan\/#breadcrumb\"},\"inLanguage\":\"fr-FR\",\"potentialAction\":[{\"@type\":\"ReadAction\",\"target\":[\"https:\/\/revuedestemps.com\/index.php\/2025\/03\/22\/hesitation-de-loccident-et-changements-geopolitiques-le-cas-de-lukraine-de-la-georgie-et-de-lazerbaidjan\/\"]}]},{\"@type\":\"ImageObject\",\"inLanguage\":\"fr-FR\",\"@id\":\"https:\/\/revuedestemps.com\/index.php\/2025\/03\/22\/hesitation-de-loccident-et-changements-geopolitiques-le-cas-de-lukraine-de-la-georgie-et-de-lazerbaidjan\/#primaryimage\",\"url\":\"https:\/\/revuedestemps.com\/wp-content\/uploads\/2025\/03\/IMG-20250322-WA0002.jpg\",\"contentUrl\":\"https:\/\/revuedestemps.com\/wp-content\/uploads\/2025\/03\/IMG-20250322-WA0002.jpg\",\"width\":2048,\"height\":1152},{\"@type\":\"BreadcrumbList\",\"@id\":\"https:\/\/revuedestemps.com\/index.php\/2025\/03\/22\/hesitation-de-loccident-et-changements-geopolitiques-le-cas-de-lukraine-de-la-georgie-et-de-lazerbaidjan\/#breadcrumb\",\"itemListElement\":[{\"@type\":\"ListItem\",\"position\":1,\"name\":\"Accueil\",\"item\":\"https:\/\/revuedestemps.com\/\"},{\"@type\":\"ListItem\",\"position\":2,\"name\":\"H\u00e9sitation de l&rsquo;Occident et changements g\u00e9opolitiques : le cas de l&rsquo;Ukraine, de la G\u00e9orgie et de l&rsquo;Azerba\u00efdjan\"}]},{\"@type\":\"WebSite\",\"@id\":\"https:\/\/revuedestemps.com\/#website\",\"url\":\"https:\/\/revuedestemps.com\/\",\"name\":\"Revue des Temps\",\"description\":\"L&#039;actualit\u00e9 politique et culturelle sous tous les angles. Revue fond\u00e9e par Gaspard Rambel en novembre 2023.\",\"publisher\":{\"@id\":\"https:\/\/revuedestemps.com\/#organization\"},\"potentialAction\":[{\"@type\":\"SearchAction\",\"target\":{\"@type\":\"EntryPoint\",\"urlTemplate\":\"https:\/\/revuedestemps.com\/?s={search_term_string}\"},\"query-input\":{\"@type\":\"PropertyValueSpecification\",\"valueRequired\":true,\"valueName\":\"search_term_string\"}}],\"inLanguage\":\"fr-FR\"},{\"@type\":\"Organization\",\"@id\":\"https:\/\/revuedestemps.com\/#organization\",\"name\":\"Revue des Temps\",\"url\":\"https:\/\/revuedestemps.com\/\",\"logo\":{\"@type\":\"ImageObject\",\"inLanguage\":\"fr-FR\",\"@id\":\"https:\/\/revuedestemps.com\/#\/schema\/logo\/image\/\",\"url\":\"https:\/\/revuedestemps.com\/wp-content\/uploads\/2024\/03\/sticker-vintage-carte-map-monde-black-white-edited.jpg\",\"contentUrl\":\"https:\/\/revuedestemps.com\/wp-content\/uploads\/2024\/03\/sticker-vintage-carte-map-monde-black-white-edited.jpg\",\"width\":528,\"height\":528,\"caption\":\"Revue des Temps\"},\"image\":{\"@id\":\"https:\/\/revuedestemps.com\/#\/schema\/logo\/image\/\"}},{\"@type\":\"Person\",\"@id\":\"https:\/\/revuedestemps.com\/#\/schema\/person\/6812646a72d0bdab0ebafa6921a91165\",\"name\":\"Giorgi Germesashvili\",\"image\":{\"@type\":\"ImageObject\",\"inLanguage\":\"fr-FR\",\"@id\":\"https:\/\/revuedestemps.com\/#\/schema\/person\/image\/\",\"url\":\"https:\/\/secure.gravatar.com\/avatar\/0e7203f9f35dc762f617080befe8beb8995425bd1cf3282f07ff8422d74491f9?s=96&d=mm&r=g\",\"contentUrl\":\"https:\/\/secure.gravatar.com\/avatar\/0e7203f9f35dc762f617080befe8beb8995425bd1cf3282f07ff8422d74491f9?s=96&d=mm&r=g\",\"caption\":\"Giorgi Germesashvili\"},\"url\":\"https:\/\/revuedestemps.com\/index.php\/author\/giorgi-germesashvili\/\"}]}<\/script>\n<!-- \/ Yoast SEO plugin. -->","yoast_head_json":{"title":"H\u00e9sitation de l'Occident et changements g\u00e9opolitiques : le cas de l'Ukraine, de la G\u00e9orgie et de l'Azerba\u00efdjan - Revue des Temps","robots":{"index":"index","follow":"follow","max-snippet":"max-snippet:-1","max-image-preview":"max-image-preview:large","max-video-preview":"max-video-preview:-1"},"canonical":"https:\/\/revuedestemps.com\/index.php\/2025\/03\/22\/hesitation-de-loccident-et-changements-geopolitiques-le-cas-de-lukraine-de-la-georgie-et-de-lazerbaidjan\/","og_locale":"fr_FR","og_type":"article","og_title":"H\u00e9sitation de l'Occident et changements g\u00e9opolitiques : le cas de l'Ukraine, de la G\u00e9orgie et de l'Azerba\u00efdjan - Revue des Temps","og_description":"Alors que les crises s&rsquo;intensifient en Europe de l&rsquo;Est et dans le Caucase, l&rsquo;Occident se retrouve de plus en plus impuissant, non seulement en raison de pressions ext\u00e9rieures, mais aussi \u00e0 cause de ses propres \u00e9checs. De la guerre en Ukraine \u00e0 la d\u00e9rive autoritaire[1] de la G\u00e9orgie en passant par les ambitions r\u00e9gionales croissantes[2] [&hellip;]","og_url":"https:\/\/revuedestemps.com\/index.php\/2025\/03\/22\/hesitation-de-loccident-et-changements-geopolitiques-le-cas-de-lukraine-de-la-georgie-et-de-lazerbaidjan\/","og_site_name":"Revue des Temps","article_published_time":"2025-03-22T11:26:11+00:00","article_modified_time":"2026-04-25T12:10:21+00:00","og_image":[{"width":2048,"height":1152,"url":"http:\/\/revuedestemps.com\/wp-content\/uploads\/2025\/03\/IMG-20250322-WA0002.jpg","type":"image\/jpeg"}],"author":"Giorgi Germesashvili","twitter_card":"summary_large_image","twitter_misc":{"\u00c9crit par":"Giorgi Germesashvili","Dur\u00e9e de lecture estim\u00e9e":"7 minutes"},"schema":{"@context":"https:\/\/schema.org","@graph":[{"@type":"Article","@id":"https:\/\/revuedestemps.com\/index.php\/2025\/03\/22\/hesitation-de-loccident-et-changements-geopolitiques-le-cas-de-lukraine-de-la-georgie-et-de-lazerbaidjan\/#article","isPartOf":{"@id":"https:\/\/revuedestemps.com\/index.php\/2025\/03\/22\/hesitation-de-loccident-et-changements-geopolitiques-le-cas-de-lukraine-de-la-georgie-et-de-lazerbaidjan\/"},"author":{"name":"Giorgi Germesashvili","@id":"https:\/\/revuedestemps.com\/#\/schema\/person\/6812646a72d0bdab0ebafa6921a91165"},"headline":"H\u00e9sitation de l&rsquo;Occident et changements g\u00e9opolitiques : le cas de l&rsquo;Ukraine, de la G\u00e9orgie et de l&rsquo;Azerba\u00efdjan","datePublished":"2025-03-22T11:26:11+00:00","dateModified":"2026-04-25T12:10:21+00:00","mainEntityOfPage":{"@id":"https:\/\/revuedestemps.com\/index.php\/2025\/03\/22\/hesitation-de-loccident-et-changements-geopolitiques-le-cas-de-lukraine-de-la-georgie-et-de-lazerbaidjan\/"},"wordCount":1476,"commentCount":0,"publisher":{"@id":"https:\/\/revuedestemps.com\/#organization"},"image":{"@id":"https:\/\/revuedestemps.com\/index.php\/2025\/03\/22\/hesitation-de-loccident-et-changements-geopolitiques-le-cas-de-lukraine-de-la-georgie-et-de-lazerbaidjan\/#primaryimage"},"thumbnailUrl":"https:\/\/revuedestemps.com\/wp-content\/uploads\/2025\/03\/IMG-20250322-WA0002.jpg","keywords":["Mars"],"articleSection":["Histoire","Politique"],"inLanguage":"fr-FR","potentialAction":[{"@type":"CommentAction","name":"Comment","target":["https:\/\/revuedestemps.com\/index.php\/2025\/03\/22\/hesitation-de-loccident-et-changements-geopolitiques-le-cas-de-lukraine-de-la-georgie-et-de-lazerbaidjan\/#respond"]}]},{"@type":"WebPage","@id":"https:\/\/revuedestemps.com\/index.php\/2025\/03\/22\/hesitation-de-loccident-et-changements-geopolitiques-le-cas-de-lukraine-de-la-georgie-et-de-lazerbaidjan\/","url":"https:\/\/revuedestemps.com\/index.php\/2025\/03\/22\/hesitation-de-loccident-et-changements-geopolitiques-le-cas-de-lukraine-de-la-georgie-et-de-lazerbaidjan\/","name":"H\u00e9sitation de l'Occident et changements g\u00e9opolitiques : le cas de l'Ukraine, de la G\u00e9orgie et de l'Azerba\u00efdjan - Revue des Temps","isPartOf":{"@id":"https:\/\/revuedestemps.com\/#website"},"primaryImageOfPage":{"@id":"https:\/\/revuedestemps.com\/index.php\/2025\/03\/22\/hesitation-de-loccident-et-changements-geopolitiques-le-cas-de-lukraine-de-la-georgie-et-de-lazerbaidjan\/#primaryimage"},"image":{"@id":"https:\/\/revuedestemps.com\/index.php\/2025\/03\/22\/hesitation-de-loccident-et-changements-geopolitiques-le-cas-de-lukraine-de-la-georgie-et-de-lazerbaidjan\/#primaryimage"},"thumbnailUrl":"https:\/\/revuedestemps.com\/wp-content\/uploads\/2025\/03\/IMG-20250322-WA0002.jpg","datePublished":"2025-03-22T11:26:11+00:00","dateModified":"2026-04-25T12:10:21+00:00","breadcrumb":{"@id":"https:\/\/revuedestemps.com\/index.php\/2025\/03\/22\/hesitation-de-loccident-et-changements-geopolitiques-le-cas-de-lukraine-de-la-georgie-et-de-lazerbaidjan\/#breadcrumb"},"inLanguage":"fr-FR","potentialAction":[{"@type":"ReadAction","target":["https:\/\/revuedestemps.com\/index.php\/2025\/03\/22\/hesitation-de-loccident-et-changements-geopolitiques-le-cas-de-lukraine-de-la-georgie-et-de-lazerbaidjan\/"]}]},{"@type":"ImageObject","inLanguage":"fr-FR","@id":"https:\/\/revuedestemps.com\/index.php\/2025\/03\/22\/hesitation-de-loccident-et-changements-geopolitiques-le-cas-de-lukraine-de-la-georgie-et-de-lazerbaidjan\/#primaryimage","url":"https:\/\/revuedestemps.com\/wp-content\/uploads\/2025\/03\/IMG-20250322-WA0002.jpg","contentUrl":"https:\/\/revuedestemps.com\/wp-content\/uploads\/2025\/03\/IMG-20250322-WA0002.jpg","width":2048,"height":1152},{"@type":"BreadcrumbList","@id":"https:\/\/revuedestemps.com\/index.php\/2025\/03\/22\/hesitation-de-loccident-et-changements-geopolitiques-le-cas-de-lukraine-de-la-georgie-et-de-lazerbaidjan\/#breadcrumb","itemListElement":[{"@type":"ListItem","position":1,"name":"Accueil","item":"https:\/\/revuedestemps.com\/"},{"@type":"ListItem","position":2,"name":"H\u00e9sitation de l&rsquo;Occident et changements g\u00e9opolitiques : le cas de l&rsquo;Ukraine, de la G\u00e9orgie et de l&rsquo;Azerba\u00efdjan"}]},{"@type":"WebSite","@id":"https:\/\/revuedestemps.com\/#website","url":"https:\/\/revuedestemps.com\/","name":"Revue des Temps","description":"L&#039;actualit\u00e9 politique et culturelle sous tous les angles. Revue fond\u00e9e par Gaspard Rambel en novembre 2023.","publisher":{"@id":"https:\/\/revuedestemps.com\/#organization"},"potentialAction":[{"@type":"SearchAction","target":{"@type":"EntryPoint","urlTemplate":"https:\/\/revuedestemps.com\/?s={search_term_string}"},"query-input":{"@type":"PropertyValueSpecification","valueRequired":true,"valueName":"search_term_string"}}],"inLanguage":"fr-FR"},{"@type":"Organization","@id":"https:\/\/revuedestemps.com\/#organization","name":"Revue des Temps","url":"https:\/\/revuedestemps.com\/","logo":{"@type":"ImageObject","inLanguage":"fr-FR","@id":"https:\/\/revuedestemps.com\/#\/schema\/logo\/image\/","url":"https:\/\/revuedestemps.com\/wp-content\/uploads\/2024\/03\/sticker-vintage-carte-map-monde-black-white-edited.jpg","contentUrl":"https:\/\/revuedestemps.com\/wp-content\/uploads\/2024\/03\/sticker-vintage-carte-map-monde-black-white-edited.jpg","width":528,"height":528,"caption":"Revue des Temps"},"image":{"@id":"https:\/\/revuedestemps.com\/#\/schema\/logo\/image\/"}},{"@type":"Person","@id":"https:\/\/revuedestemps.com\/#\/schema\/person\/6812646a72d0bdab0ebafa6921a91165","name":"Giorgi Germesashvili","image":{"@type":"ImageObject","inLanguage":"fr-FR","@id":"https:\/\/revuedestemps.com\/#\/schema\/person\/image\/","url":"https:\/\/secure.gravatar.com\/avatar\/0e7203f9f35dc762f617080befe8beb8995425bd1cf3282f07ff8422d74491f9?s=96&d=mm&r=g","contentUrl":"https:\/\/secure.gravatar.com\/avatar\/0e7203f9f35dc762f617080befe8beb8995425bd1cf3282f07ff8422d74491f9?s=96&d=mm&r=g","caption":"Giorgi Germesashvili"},"url":"https:\/\/revuedestemps.com\/index.php\/author\/giorgi-germesashvili\/"}]}},"_links":{"self":[{"href":"https:\/\/revuedestemps.com\/index.php\/wp-json\/wp\/v2\/posts\/3034","targetHints":{"allow":["GET"]}}],"collection":[{"href":"https:\/\/revuedestemps.com\/index.php\/wp-json\/wp\/v2\/posts"}],"about":[{"href":"https:\/\/revuedestemps.com\/index.php\/wp-json\/wp\/v2\/types\/post"}],"author":[{"embeddable":true,"href":"https:\/\/revuedestemps.com\/index.php\/wp-json\/wp\/v2\/users\/18"}],"replies":[{"embeddable":true,"href":"https:\/\/revuedestemps.com\/index.php\/wp-json\/wp\/v2\/comments?post=3034"}],"version-history":[{"count":6,"href":"https:\/\/revuedestemps.com\/index.php\/wp-json\/wp\/v2\/posts\/3034\/revisions"}],"predecessor-version":[{"id":5648,"href":"https:\/\/revuedestemps.com\/index.php\/wp-json\/wp\/v2\/posts\/3034\/revisions\/5648"}],"wp:featuredmedia":[{"embeddable":true,"href":"https:\/\/revuedestemps.com\/index.php\/wp-json\/wp\/v2\/media\/3043"}],"wp:attachment":[{"href":"https:\/\/revuedestemps.com\/index.php\/wp-json\/wp\/v2\/media?parent=3034"}],"wp:term":[{"taxonomy":"category","embeddable":true,"href":"https:\/\/revuedestemps.com\/index.php\/wp-json\/wp\/v2\/categories?post=3034"},{"taxonomy":"post_tag","embeddable":true,"href":"https:\/\/revuedestemps.com\/index.php\/wp-json\/wp\/v2\/tags?post=3034"}],"curies":[{"name":"wp","href":"https:\/\/api.w.org\/{rel}","templated":true}]}}