{"id":3222,"date":"2025-04-18T23:54:08","date_gmt":"2025-04-18T21:54:08","guid":{"rendered":"https:\/\/revuedestemps.com\/?p=3222"},"modified":"2025-04-26T11:48:26","modified_gmt":"2025-04-26T09:48:26","slug":"canada-interrogations-et-rapprochement-avec-lunion-europeenne","status":"publish","type":"post","link":"https:\/\/revuedestemps.com\/index.php\/2025\/04\/18\/canada-interrogations-et-rapprochement-avec-lunion-europeenne\/","title":{"rendered":"Canada : Interrogations et rapprochement avec l&rsquo;Union europ\u00e9enne"},"content":{"rendered":"<h5>\u00c0 l&rsquo;instar du Japon, fort de sa valeur ajout\u00e9e dans le domaine de l\u2019intelligence artificielle, et de l&rsquo;Australie, qui b\u00e9n\u00e9ficie d&rsquo;une \u00e9conomie prosp\u00e8re depuis plusieurs d\u00e9cennies, le Canada semble vouloir \u00e9galement op\u00e9rer un rapprochement avec le Vieux Continent.<\/h5>\n<h5>C&rsquo;est dans cette optique que le premier ministre, Mark Carney, a indiqu\u00e9 que le Canada est \u201cle plus europ\u00e9en des pays non europ\u00e9ens\u201d<sup><sup><a id=\"post-3222-footnote-ref-0\" href=\"#post-3222-footnote-0\">[1]<\/a><\/sup><\/sup> sans oublier d\u2019ajouter que \u201cla vieille relation (&#8230;) avec les \u00c9tats-Unis, bas\u00e9e sur une int\u00e9gration profonde de (leurs) \u00e9conomies et une coop\u00e9ration \u00e9troite en mati\u00e8re de s\u00e9curit\u00e9 et de d\u00e9fense est termin\u00e9e\u201d<sup><sup><a id=\"post-3222-footnote-ref-1\" href=\"#post-3222-footnote-1\">[2]<\/a><\/sup><\/sup>. Comme un passage de t\u00e9moin entre l&rsquo;ancienne architecture de d\u00e9fense du monde, issue du trait\u00e9 de Washington, avec la nouvelle, en cours de construction.<\/h5>\n<h5>Ces r\u00e9centes d\u00e9clarations semblent confirmer la th\u00e8se selon laquelle, pour certains, l\u2019OTAN ne serait qu&rsquo;une caisse d\u2019enregistrement fant\u00f4me des atteintes flagrantes au droit international ainsi qu&rsquo;aux droits de l\u2019Homme. L&rsquo;Ukraine en est un parfait exemple et a permis d\u2019agir comme b\u00e9lier afin d\u2019acc\u00e9l\u00e9rer cette prise de conscience. L\u2019article 5 selon lequel \u201cune attaque arm\u00e9e (&#8230;) survenant en Europe ou en Am\u00e9rique du Nord sera(it) consid\u00e9r\u00e9e comme une attaque dirig\u00e9e contre toutes les parties (\u2026)\u201d a montr\u00e9 ses limites et cet arsenal juridique semble d\u00e9sormais s&rsquo;\u00eatre retourn\u00e9 contre ses cr\u00e9ateurs, si l&rsquo;on en croit Bruno Kahl<sup><sup><a id=\"post-3222-footnote-ref-2\" href=\"#post-3222-footnote-2\">[3]<\/a><\/sup><\/sup>, chef des renseignements allemands. Celui-ci souligne le fait que Poutine, par le biais de l\u2019invasion en Ukraine, teste l&rsquo;efficacit\u00e9 de ce dispositif.<\/h5>\n<h5>Depuis, de nombreux observateurs internationaux ont pu en constater les limites. L&rsquo;ensemble des crimes de guerre commis par le Kremlin reste, \u00e0 ce jour, impuni. La derni\u00e8re attaque ayant vis\u00e9 des civils dans le centre-ville de Sumy, le dimanche 13 avril, nous le prouve encore.<\/h5>\n<h5>Les provocations et menaces du nouveau locataire de la Maison-Blanche ne sont pas \u00e9trang\u00e8res \u00e0 cette reprise bilat\u00e9rale des pourparlers diplomatiques entre Ottawa et Bruxelles.<\/h5>\n<h5>Le Canada assiste, comme nous, \u00e0 l&rsquo;inaction de cette institution pourtant charg\u00e9e de garantir le respect du droit international, en m\u00eame temps qu\u2019elle voit son territoire \u00eatre menac\u00e9 par Washington.<\/h5>\n<h3><a href=\"https:\/\/revuedestemps.com\/index.php\/2025\/04\/18\/canada-interrogations-et-rapprochement-avec-lunion-europeenne\/original_270234_1744901468\/\" rel=\"attachment wp-att-3270\"><img loading=\"lazy\" decoding=\"async\" class=\"alignnone size-medium wp-image-3270 aligncenter\" src=\"http:\/\/revuedestemps.com\/wp-content\/uploads\/2025\/04\/original_270234_1744901468-300x244.png\" alt=\"\" width=\"300\" height=\"244\" srcset=\"https:\/\/revuedestemps.com\/wp-content\/uploads\/2025\/04\/original_270234_1744901468-300x244.png 300w, https:\/\/revuedestemps.com\/wp-content\/uploads\/2025\/04\/original_270234_1744901468.png 730w\" sizes=\"auto, (max-width: 300px) 100vw, 300px\" \/><\/a><\/h3>\n<h5>\u00c0 d\u00e9faut de construire un mur afin de couper court aux vell\u00e9it\u00e9s de son voisin du sud, Ottawa cherche d\u00e9sormais de nouvelles alliances fiables<sup><sup><a id=\"post-3222-footnote-ref-3\" href=\"#post-3222-footnote-3\">[4]<\/a><\/sup><\/sup>.<\/h5>\n<h4><strong>La remise en question de la l\u00e9gitimit\u00e9 de l\u2019OTAN<\/strong><\/h4>\n<h5>Cr\u00e9\u00e9 en 1949 \u00e0 l\u2019issue de la signature par douze pays du trait\u00e9 de Washington, l\u2019OTAN a \u00e9t\u00e9 b\u00e2ti avec pour mission premi\u00e8re de s&rsquo;\u00e9riger en bouclier face \u00e0 l\u2019expansion du mod\u00e8le social et soci\u00e9tal issu de l&rsquo;Union sovi\u00e9tique. Cette officine internationale est le r\u00e9sultat, au niveau institutionnel, de la doctrine de <em>l&rsquo;endiguement, <\/em>th\u00e9oris\u00e9 par Spykman et Truman. Elle a succ\u00e9d\u00e9 \u00e0 la Soci\u00e9t\u00e9 des Nations qui s&rsquo;est r\u00e9v\u00e9l\u00e9e incapable de pr\u00e9venir la Seconde guerre mondiale.<\/h5>\n<h3><a href=\"https:\/\/revuedestemps.com\/index.php\/2025\/04\/18\/canada-interrogations-et-rapprochement-avec-lunion-europeenne\/screenshot_2025-04-19-17-21-45-162_com-android-chrome-edit\/\" rel=\"attachment wp-att-3274\"><img loading=\"lazy\" decoding=\"async\" class=\"alignnone size-medium wp-image-3274 aligncenter\" src=\"http:\/\/revuedestemps.com\/wp-content\/uploads\/2025\/04\/Screenshot_2025-04-19-17-21-45-162_com.android.chrome-edit-199x300.jpg\" alt=\"\" width=\"199\" height=\"300\" srcset=\"https:\/\/revuedestemps.com\/wp-content\/uploads\/2025\/04\/Screenshot_2025-04-19-17-21-45-162_com.android.chrome-edit-199x300.jpg 199w, https:\/\/revuedestemps.com\/wp-content\/uploads\/2025\/04\/Screenshot_2025-04-19-17-21-45-162_com.android.chrome-edit-680x1024.jpg 680w, https:\/\/revuedestemps.com\/wp-content\/uploads\/2025\/04\/Screenshot_2025-04-19-17-21-45-162_com.android.chrome-edit-768x1157.jpg 768w, https:\/\/revuedestemps.com\/wp-content\/uploads\/2025\/04\/Screenshot_2025-04-19-17-21-45-162_com.android.chrome-edit.jpg 909w\" sizes=\"auto, (max-width: 199px) 100vw, 199px\" \/><\/a><\/h3>\n<h5>Cette formule a fonctionn\u00e9 jusqu&rsquo;\u00e0 la chute du rideau de fer et s&rsquo;est m\u00eame impos\u00e9e par la suite, faute de contre-puissance capable d&rsquo;apporter un mod\u00e8le plus fonctionnel que le couple d\u00e9mocratie et soci\u00e9t\u00e9 de march\u00e9s.<\/h5>\n<h5>Une premi\u00e8re alerte cependant, s&rsquo;est faite ressentir en 2008, apr\u00e8s la crise des subprimes, la fin de l&rsquo;\u00e8re Bush et le tournant du sommet du G8 en juillet de la m\u00eame ann\u00e9e<sup><sup><a id=\"post-3222-footnote-ref-4\" href=\"#post-3222-footnote-4\">[5]<\/a><\/sup><\/sup>. Celui-ci a offert \u00e0 Poutine, par la voix de Dimitri Medvedev, une tribune afin d&rsquo;indiquer qu&rsquo;il refusait un syst\u00e8me mondial unipolaire. Il envahira un mois plus tard la G\u00e9orgie en pr\u00e9textant, lors du sommet de Paris du 9 septembre 2008, effectuer une \u201cmission de pacification\u201d.<\/h5>\n<h5>Sur un plan juridique, on peut dire que L\u2019OTAN trouve sa l\u00e9gitim\u00e9 dans l\u2019article 51 de la Charte des Nations Unies. Ce dernier implique le droit \u00e0 la l\u00e9gitime d\u00e9fense individuelle et collective. N\u00e9anmoins, apr\u00e8s la chute du bloc de l\u2019Est, l\u2019organisation a perdur\u00e9e, alors que son objet principal \u00e9tait justement atteint : mettre fin au r\u00e9gime sovi\u00e9tique et prot\u00e9ger l&rsquo;ordre mondiale occidental issu du trait\u00e9 de Washington. Ce qui devait logiquement impliquer sa dissolution.<\/h5>\n<h5>Au contraire, l\u2019OTAN s&rsquo;est muni d&rsquo;un mille-feuilles de dispositions juridiques afin d\u2019afficher sa transition d&rsquo;un organisme de d\u00e9fense \u00e0 une organisation couteau suisse capable de pr\u00e9venir les guerres, d\u2019en d\u00e9clencher sans gardes fou, lorsque les int\u00e9r\u00eats souverains des nations occidentales \u00e9taient en jeu. Entre temps, le nombre de pays ayant ratifi\u00e9 le trait\u00e9 de Washington n\u2019a fait qu\u2019augmenter, ce qui a permis \u00e0 l\u2019OTAN de s&rsquo;\u00e9largir de mani\u00e8res exponentielle jusqu&rsquo;\u00e0 arriver \u00e0 un point o\u00f9 certains se questionnent sur sa r\u00e9elle efficacit\u00e9.<\/h5>\n<h3><a href=\"https:\/\/revuedestemps.com\/index.php\/2025\/04\/18\/canada-interrogations-et-rapprochement-avec-lunion-europeenne\/otan-2025\/\" rel=\"attachment wp-att-3276\"><img loading=\"lazy\" decoding=\"async\" class=\"alignnone size-medium wp-image-3276 aligncenter\" src=\"http:\/\/revuedestemps.com\/wp-content\/uploads\/2025\/04\/ab-pictoris-diploweb-otan-a-32-2024-1200-300x212.jpg\" alt=\"\" width=\"300\" height=\"212\" srcset=\"https:\/\/revuedestemps.com\/wp-content\/uploads\/2025\/04\/ab-pictoris-diploweb-otan-a-32-2024-1200-300x212.jpg 300w, https:\/\/revuedestemps.com\/wp-content\/uploads\/2025\/04\/ab-pictoris-diploweb-otan-a-32-2024-1200-1024x722.jpg 1024w, https:\/\/revuedestemps.com\/wp-content\/uploads\/2025\/04\/ab-pictoris-diploweb-otan-a-32-2024-1200-768x541.jpg 768w, https:\/\/revuedestemps.com\/wp-content\/uploads\/2025\/04\/ab-pictoris-diploweb-otan-a-32-2024-1200.jpg 1200w\" sizes=\"auto, (max-width: 300px) 100vw, 300px\" \/><\/a><\/h3>\n<h5>Quand est-il de l\u2019application de l&rsquo;article 5 cit\u00e9 en introduction ? Peut-on l\u2019appliquer de la m\u00eame fa\u00e7on \u00e0 des \u00c9tats dont les int\u00e9r\u00eats sont sensiblement diff\u00e9rent ? Dans le cas contraire comment doivent d\u00e9sormais agir ces pays ?<\/h5>\n<h5>Ce sont les questions qui ont \u00e9t\u00e9 r\u00e9cemment pos\u00e9 au Canada.<\/h5>\n<h5>Malgr\u00e9 le sommet de Madrid qui s\u2019est tenu en juin 2022, en r\u00e9action \u00e0 l\u2019invasion de l\u2019Ukraine, cens\u00e9 \u00e9tablir de nouvelles possibilit\u00e9s afin d\u2019activer l\u2019article 5, on constate, encore en 2025, que l\u2019organisation est bien \u00e0 la peine en mati\u00e8re de respect de l\u2019application du droit international.<\/h5>\n<h5>Et comment pourrait-il en \u00eatre autrement ? Le pr\u00e9sident du pays o\u00f9 si\u00e8ge l\u2019OTAN menace directement la souverainet\u00e9 de ses voisins, jusqu&rsquo;\u00e0 annoncer que le Canada serait bient\u00f4t le 51 \u00e8me \u00c9tat des \u00c9tats-Unis.<\/h5>\n<h5>Si l&rsquo;on ajoute \u00e0 cela le m\u00e9pris affich\u00e9 de l\u2019administration Trump<sup><sup><a id=\"post-3222-footnote-ref-5\" href=\"#post-3222-footnote-5\">[6]<\/a><\/sup><\/sup> pour cette organisation cr\u00e9\u00e9e en 1949, et pour le droit international en g\u00e9n\u00e9ral, difficile pour le pays \u00e0 la fleur d&rsquo;\u00e9rable de passer par celle-ci afin de pr\u00e9server son int\u00e9grit\u00e9. Pire encore, Ottawa semble bloquer dans ses anciennes alliances, alors qu&rsquo;elle souhaite en cr\u00e9er de nouvelles.<\/h5>\n<h4><strong>De nouveaux p\u00f4les d\u2019alliances \u00e0 l\u2019initiative des \u00c9tats afin de pallier aux lacunes des organisations internationales <\/strong><\/h4>\n<h5>L\u2019OTAN a su afficher son efficacit\u00e9 en termes de missions conjointes avec de petits groupes de pays alli\u00e9s, comme c&rsquo;est le cas pour l&rsquo;op\u00e9ration UNIFIER dont le but est de former des militaires ukrainiens par le biais d\u2019instructeurs canadiens sur le sol europ\u00e9en. Il semble n\u00e9anmoins qu&rsquo;elle soit inop\u00e9rante lorsqu&rsquo;il s\u2019agit de prendre des d\u00e9cisions d\u2019envergure, comme le voudrait encore une fois l\u2019article 5.<\/h5>\n<h5>C&rsquo;est donc dans ce contexte que le Canada a op\u00e9r\u00e9 sa mue en 2025, en m\u00eame temps qu&rsquo;il a siffl\u00e9 la fin de l&rsquo;\u00e8re Trudeau. Alors que les sondages donnaient le parti canadien conservateur (PCC) en t\u00eate pour les \u00e9lections l\u00e9gislatives du 28 avril 2025, l&rsquo;arriv\u00e9e au pouvoir de Trump, qui adopte le m\u00eame narratif que le chef de file du PCC (immigration, protectionnisme, complotisme, \u00e9cologie) a modifi\u00e9 la donne<sup><sup><a id=\"post-3222-footnote-ref-6\" href=\"#post-3222-footnote-6\">[7]<\/a><\/sup><\/sup>. En effet, cela a permis au parti canadien lib\u00e9ral (PCL) de reprendre la main, les canadiens ne souhaitant pas d&rsquo;une alliance PCC et Trump. Cela a \u00e9galement permis de restaurer le dialogue avec l\u2019Union europ\u00e9enne, jusqu&rsquo;au point d&rsquo;\u00e9voquer son \u00e9ventuelle int\u00e9gration.<\/h5>\n<h5>Cette initiative para\u00eet l\u00e9gitime quand on sait que le fran\u00e7ais est la deuxi\u00e8me langue du pays, que le Canada poss\u00e8de une fronti\u00e8re commune avec Copenhague, car elle partage les \u00eeles Hans avec le Danemark, et que ses valeurs se sont souvent construites en opposition \u00e0 celles de son voisin du sud.<\/h5>\n<h5>Le deuxi\u00e8me pays le plus vaste du monde, en termes de superficie, 15 634 410 m2, n\u2019a donc pas tard\u00e9 \u00e0 se prot\u00e9ger contre la volont\u00e9 de Washington de profiter de ses r\u00e9gions riches en terres cultivables, en min\u00e9raux rares et en ressources naturelles. Ici on troque volontiers le costume pour la chemise de trappeur, des soci\u00e9t\u00e9s innovantes concurrences la Silicon Valley et voient de meilleures d\u00e9bouch\u00e9es pour leurs produits gr\u00e2ce au trait\u00e9 CETA<sup><sup><a id=\"post-3222-footnote-ref-7\" href=\"#post-3222-footnote-7\">[8]<\/a><\/sup><\/sup>, tandis que la langue de Moli\u00e8re est autant respect\u00e9e que celle de Shakespeare. Tout cela a de quoi aiguiser l&rsquo;app\u00e9tit du locataire de la Maison-Blanche qui doit faire face \u00e0 la chute du dollar, \u00e0 la baisse du prix du p\u00e9trole, \u00e0 la gestion du stock de voiture Tesla que les canadiens d\u00e9posent en masse \u00e0 la fronti\u00e8re, ainsi qu\u2019aux demandes en urgence de scientifiques qui cherchent l\u2019asile dans d\u2019autres pays. L&rsquo;Elys\u00e9e les a d&rsquo;ailleurs exhort\u00e9 \u00e0 venir en France le 18 avril 2025.<\/h5>\n<h3><a href=\"https:\/\/revuedestemps.com\/index.php\/2025\/04\/18\/canada-interrogations-et-rapprochement-avec-lunion-europeenne\/a-big-deal-en\/\" rel=\"attachment wp-att-3278\"><img loading=\"lazy\" decoding=\"async\" class=\"alignnone size-medium wp-image-3278 aligncenter\" src=\"http:\/\/revuedestemps.com\/wp-content\/uploads\/2025\/04\/a-big-deal-en-300x186.png\" alt=\"\" width=\"300\" height=\"186\" srcset=\"https:\/\/revuedestemps.com\/wp-content\/uploads\/2025\/04\/a-big-deal-en-300x186.png 300w, https:\/\/revuedestemps.com\/wp-content\/uploads\/2025\/04\/a-big-deal-en-768x476.png 768w, https:\/\/revuedestemps.com\/wp-content\/uploads\/2025\/04\/a-big-deal-en.png 920w\" sizes=\"auto, (max-width: 300px) 100vw, 300px\" \/><\/a><\/h3>\n<h5>Les affinit\u00e9s entre le Canada et l\u2019Union europ\u00e9enne sont nombreuses, ce que semble traduire un sondage paru le 10 mars 2025, d&rsquo;apr\u00e8s celui-ci 46%<sup><sup><a id=\"post-3222-footnote-ref-8\" href=\"#post-3222-footnote-8\">[9]<\/a><\/sup><\/sup> des canadiens seraient favorables \u00e0 ce que leur pays rejoigne l\u2019UE. Il faut \u00e9galement rappeler que l\u2019UE est le second partenaire commerciale du Canada, que ce pays poss\u00e8de son ind\u00e9pendance en mati\u00e8re \u00e9nerg\u00e9tique, de gaz, et de min\u00e9raux rares.<\/h5>\n<h3><a href=\"https:\/\/revuedestemps.com\/index.php\/2025\/04\/18\/canada-interrogations-et-rapprochement-avec-lunion-europeenne\/7023db74bcc98ff6947a204db38bf30c_xl\/\" rel=\"attachment wp-att-3282\"><img loading=\"lazy\" decoding=\"async\" class=\"alignnone size-medium wp-image-3282 aligncenter\" src=\"http:\/\/revuedestemps.com\/wp-content\/uploads\/2025\/04\/7023db74bcc98ff6947a204db38bf30c_XL-300x192.jpg\" alt=\"\" width=\"300\" height=\"192\" srcset=\"https:\/\/revuedestemps.com\/wp-content\/uploads\/2025\/04\/7023db74bcc98ff6947a204db38bf30c_XL-300x192.jpg 300w, https:\/\/revuedestemps.com\/wp-content\/uploads\/2025\/04\/7023db74bcc98ff6947a204db38bf30c_XL-768x491.jpg 768w, https:\/\/revuedestemps.com\/wp-content\/uploads\/2025\/04\/7023db74bcc98ff6947a204db38bf30c_XL.jpg 900w\" sizes=\"auto, (max-width: 300px) 100vw, 300px\" \/><\/a><\/h3>\n<h5>Tout cela semble augurer des jours meilleurs et pr\u00e9sage d&rsquo;une probable alliance, \u00e0 moyen termes, entre Ottawa et Bruxelles. D\u2019autres pays ou zones g\u00e9ographiques pourraient s&rsquo;en inspirer en fonction de leurs int\u00e9r\u00eats et liens historiques. On peut comparer cette alliance \u00e0 celle qui s&rsquo;est op\u00e9r\u00e9e au sein de l\u2019UE \u00e0 ses d\u00e9buts. L\u2019accord sur le charbon et l\u2019acier<sup><sup><a id=\"post-3222-footnote-ref-9\" href=\"#post-3222-footnote-9\">[10]<\/a><\/sup><\/sup> a pr\u00e9c\u00e9d\u00e9 la ratification du trait\u00e9 de Rome en 1957. Tout comme l&rsquo;alliance \u00e9conomique entre les diff\u00e9rents \u00c9tats qui composent l\u2019actuelle Allemagne avaient pr\u00e9c\u00e9d\u00e9 son unification gr\u00e2ce \u00e0 Bismarck, au XIX \u00e8me si\u00e8cle<sup><sup><a id=\"post-3222-footnote-ref-10\" href=\"#post-3222-footnote-10\">[11]<\/a><\/sup><\/sup>. Sans doute que l&rsquo;accord CETA n&rsquo;est qu&rsquo;un pr\u00e9lude \u00e0 une union plus importante avec l\u2019Atlantique Nord, le voisin du sud s&rsquo;\u00e9tant lui m\u00eame exclu de la partie, pr\u00e9f\u00e9rant agiter le spectre d\u2019un possible sc\u00e9nario \u00e0 la Yalta entre Washington, P\u00e9kin et Moscou, si l&rsquo;on en croit la complaisance de Trump envers Poutine.<\/h5>\n<h5>C&rsquo;est donc pour pr\u00e9venir et contrecarrer ce sc\u00e9nario qu\u2019un rapprochement, voire une int\u00e9gration dans l\u2019Union europ\u00e9enne du Canada, permettrait de d\u00e9terminer de nouvelles bases de coop\u00e9ration en mati\u00e8re de d\u00e9fenses, de politiques agricoles, et de mesures \u00e9conomiques capables de concurrencer les \u201cnouveaux empires\u201d.<\/h5>\n<h5>En ayant cherch\u00e9 \u00e0 \u00eatre un d\u00e9stabilisateur pour son voisin du nord, Trump n\u2019aura \u00e9t\u00e9 que le marche-pieds du renforcement de l\u2019entente entre Ottawa et Bruxelles, entente d\u00e9j\u00e0 initi\u00e9e par la ratification du trait\u00e9 CETA. En ce sens, et de mon point de vue, son premier bilan est plut\u00f4t positif, \u00e0 ses d\u00e9pens.<\/h5>\n<h5>D\u2019autres pays mentionn\u00e9s en introduction suivent le m\u00eame chemin que le Canada dans son rapprochement avec l\u2019Union europ\u00e9enne : le Japon, l\u2019Australie, la Cor\u00e9e du Sud. Il faudra que chacun d\u2019eux se concentrent sur ce qui nous rassemble afin que la paix puisse pr\u00e9valoir, sans avoir \u00e0 attendre les d\u00e9cisions d&rsquo;une institution moribonde, vieille de presque un si\u00e8cle, qui se pare des oripeaux de la l\u00e9gitimit\u00e9 internationale afin de continuer d\u2019exister. La m\u00eame qui ne r\u00e9pond plus aux besoins pr\u00e9sents en mati\u00e8re de sauvegarde du droit international, ainsi que de protection de la souverainet\u00e9 des \u00c9tats.<\/h5>\n<h5>Gaspard Rambel<\/h5>\n<ol>\n<li id=\"post-3222-footnote-0\"><a href=\"https:\/\/www.courrierinternational.com\/article\/rapprochement-carney-a-paris-et-a-londres-pour-une-visite-symbolique-et-des-piques-a-donald-trump_228859\">https:\/\/www.courrierinternational.com\/article\/rapprochement-carney-a-paris-et-a-londres-pour-une-visite-symbolique-et-des-piques-a-donald-trump_228859<\/a><a href=\"#post-3222-footnote-ref-0\">\u2191<\/a><\/li>\n<li id=\"post-3222-footnote-1\"><a href=\"https:\/\/www.lemonde.fr\/international\/article\/2025\/03\/27\/la-cooperation-etroite-avec-les-etats-unis-est-terminee-declare-le-premier-ministre-canadien_6586847_3210.html\">https:\/\/www.lemonde.fr\/international\/article\/2025\/03\/27\/la-cooperation-etroite-avec-les-etats-unis-est-terminee-declare-le-premier-ministre-canadien_6586847_3210.html<\/a> <a href=\"#post-3222-footnote-ref-1\">\u2191<\/a><\/li>\n<li id=\"post-3222-footnote-2\"><a href=\"https:\/\/ukranews.com\/en\/news\/1069022-russia-will-attack-europe-earlier-if-war-in-ukraine-ends-by-2030-german-intelligence\">https:\/\/ukranews.com\/en\/news\/1069022-russia-will-attack-europe-earlier-if-war-in-ukraine-ends-by-2030-german-intelligence<\/a> <a href=\"#post-3222-footnote-ref-2\">\u2191<\/a><\/li>\n<li id=\"post-3222-footnote-3\"><a href=\"https:\/\/www.radiofrance.fr\/franceinfo\/podcasts\/d-un-monde-a-l-autre\/face-a-la-menace-trumpiste-le-canada-en-quete-d-allies-en-europe-3560489\">https:\/\/www.radiofrance.fr\/franceinfo\/podcasts\/d-un-monde-a-l-autre\/face-a-la-menace-trumpiste-le-canada-en-quete-d-allies-en-europe-3560489<\/a> <a href=\"#post-3222-footnote-ref-3\">\u2191<\/a><\/li>\n<li id=\"post-3222-footnote-4\"><a href=\"https:\/\/www.robert-schuman.eu\/questions-d-europe\/0109-le-sommet-ue-ukraine-du-9-septembre-2008-vers-un-tournant-historique-et-strategique\">https:\/\/www.robert-schuman.eu\/questions-d-europe\/0109-le-sommet-ue-ukraine-du-9-septembre-2008-vers-un-tournant-historique-et-strategique<\/a> <a href=\"#post-3222-footnote-ref-4\">\u2191<\/a><\/li>\n<li id=\"post-3222-footnote-5\"><a href=\"https:\/\/www.lemonde.fr\/international\/article\/2024\/02\/12\/donald-trump-suscite-l-effroi-chez-les-allies-en-mettant-en-cause-le-principe-de-solidarite-au-sein-de-l-otan_6216070_3210.html\">https:\/\/www.lemonde.fr\/international\/article\/2024\/02\/12\/donald-trump-suscite-l-effroi-chez-les-allies-en-mettant-en-cause-le-principe-de-solidarite-au-sein-de-l-otan_6216070_3210.html<\/a> <a href=\"#post-3222-footnote-ref-5\">\u2191<\/a><\/li>\n<li id=\"post-3222-footnote-6\"><a href=\"https:\/\/www.lexpress.fr\/monde\/les-menaces-de-donald-trump-rebattent-les-cartes-politiques-au-canada-5FEOT7LHPNH55AYNK7HFCKSWJA\/?cmp_redirect=true\">https:\/\/www.lexpress.fr\/monde\/les-menaces-de-donald-trump-rebattent-les-cartes-politiques-au-canada-5FEOT7LHPNH55AYNK7HFCKSWJA\/?cmp_redirect=true<\/a> <a href=\"#post-3222-footnote-ref-6\">\u2191<\/a><\/li>\n<li id=\"post-3222-footnote-7\"><a href=\"https:\/\/www.touteleurope.eu\/economie-et-social\/qu-est-ce-que-le-ceta\/\">https:\/\/www.touteleurope.eu\/economie-et-social\/qu-est-ce-que-le-ceta\/<\/a> <a href=\"#post-3222-footnote-ref-7\">\u2191<\/a><\/li>\n<li id=\"post-3222-footnote-8\"><a href=\"https:\/\/www.euractiv.fr\/section\/international\/news\/pres-de-la-moitie-des-canadiens-sont-favorables-a-ladhesion-a-lue-selon-un-sondage\/\">https:\/\/www.euractiv.fr\/section\/international\/news\/pres-de-la-moitie-des-canadiens-sont-favorables-a-ladhesion-a-lue-selon-un-sondage\/<\/a> <a href=\"#post-3222-footnote-ref-8\">\u2191<\/a><\/li>\n<li id=\"post-3222-footnote-9\"><a href=\"https:\/\/www.diplomatie.gouv.fr\/fr\/archives-diplomatiques\/offre-culturelle\/expositions\/expositions-dossiers-en-ligne\/naissance-de-l-europe-le-traite-instituant-la-communaute-europeenne-du-charbon\/ii-la-communaute-europeenne-du-charbon-et-de-l-acier\/#:~:text=de%20l'INA.-,Le%20Trait%C3%A9%20du%2018%20avril%201951,l'Acier%20(CECA)\">https:\/\/www.diplomatie.gouv.fr\/fr\/archives-diplomatiques\/offre-culturelle\/expositions\/expositions-dossiers-en-ligne\/naissance-de-l-europe-le-traite-instituant-la-communaute-europeenne-du-charbon\/ii-la-communaute-europeenne-du-charbon-et-de-l-acier\/#:~:text=de%20l&rsquo;INA.-,Le%20Trait%C3%A9%20du%2018%20avril%201951,l&rsquo;Acier%20(CECA)<\/a>. <a href=\"#post-3222-footnote-ref-9\">\u2191<\/a><\/li>\n<li id=\"post-3222-footnote-10\"><a href=\"https:\/\/ehne.fr\/fr\/eduscol\/premi%C3%A8re-g%C3%A9n%C3%A9rale\/la-france-dans-l%E2%80%99europe-des-nationalit%C3%A9s-politique-et-soci%C3%A9t%C3%A9-1848-1871\/la-france-et-la-construction-de-nouveaux-%C3%A9tats-par-la-guerre-et-la-diplomatie\/1871-bismarck-et-la-proclamation-du-reich\">https:\/\/ehne.fr\/fr\/eduscol\/premi%C3%A8re-g%C3%A9n%C3%A9rale\/la-france-dans-l%E2%80%99europe-des-nationalit%C3%A9s-politique-et-soci%C3%A9t%C3%A9-1848-1871\/la-france-et-la-construction-de-nouveaux-%C3%A9tats-par-la-guerre-et-la-diplomatie\/1871-bismarck-et-la-proclamation-du-reich<\/a> <a href=\"#post-3222-footnote-ref-10\">\u2191<\/a><\/li>\n<\/ol>\n","protected":false},"excerpt":{"rendered":"<p>\u00c0 l&rsquo;instar du Japon, fort de sa valeur ajout\u00e9e dans le domaine de l\u2019intelligence artificielle, et de l&rsquo;Australie, qui b\u00e9n\u00e9ficie d&rsquo;une \u00e9conomie prosp\u00e8re depuis plusieurs d\u00e9cennies, le Canada semble vouloir \u00e9galement op\u00e9rer un rapprochement avec le Vieux Continent. C&rsquo;est dans cette optique que le premier ministre, Mark Carney, a indiqu\u00e9 que le Canada est \u201cle [&hellip;]<\/p>\n","protected":false},"author":3,"featured_media":3355,"comment_status":"open","ping_status":"open","sticky":false,"template":"","format":"standard","meta":{"footnotes":""},"categories":[16],"tags":[44],"class_list":["post-3222","post","type-post","status-publish","format-standard","has-post-thumbnail","hentry","category-politique","tag-avril"],"yoast_head":"<!-- This site is optimized with the Yoast SEO plugin v26.1.1 - https:\/\/yoast.com\/wordpress\/plugins\/seo\/ -->\n<title>Canada : Interrogations et rapprochement avec l&#039;Union europ\u00e9enne - Revue des Temps<\/title>\n<meta name=\"robots\" content=\"index, follow, max-snippet:-1, max-image-preview:large, max-video-preview:-1\" \/>\n<link rel=\"canonical\" href=\"https:\/\/revuedestemps.com\/index.php\/2025\/04\/18\/canada-interrogations-et-rapprochement-avec-lunion-europeenne\/\" \/>\n<meta property=\"og:locale\" content=\"fr_FR\" \/>\n<meta property=\"og:type\" content=\"article\" \/>\n<meta property=\"og:title\" content=\"Canada : Interrogations et rapprochement avec l&#039;Union europ\u00e9enne - Revue des Temps\" \/>\n<meta property=\"og:description\" content=\"\u00c0 l&rsquo;instar du Japon, fort de sa valeur ajout\u00e9e dans le domaine de l\u2019intelligence artificielle, et de l&rsquo;Australie, qui b\u00e9n\u00e9ficie d&rsquo;une \u00e9conomie prosp\u00e8re depuis plusieurs d\u00e9cennies, le Canada semble vouloir \u00e9galement op\u00e9rer un rapprochement avec le Vieux Continent. C&rsquo;est dans cette optique que le premier ministre, Mark Carney, a indiqu\u00e9 que le Canada est \u201cle [&hellip;]\" \/>\n<meta property=\"og:url\" content=\"https:\/\/revuedestemps.com\/index.php\/2025\/04\/18\/canada-interrogations-et-rapprochement-avec-lunion-europeenne\/\" \/>\n<meta property=\"og:site_name\" content=\"Revue des Temps\" \/>\n<meta property=\"article:published_time\" content=\"2025-04-18T21:54:08+00:00\" \/>\n<meta property=\"article:modified_time\" content=\"2025-04-26T09:48:26+00:00\" \/>\n<meta property=\"og:image\" content=\"http:\/\/revuedestemps.com\/wp-content\/uploads\/2025\/04\/Octobre-2024_20250426_114620_0000-1024x576.png\" \/>\n\t<meta property=\"og:image:width\" content=\"1024\" \/>\n\t<meta property=\"og:image:height\" content=\"576\" \/>\n\t<meta property=\"og:image:type\" content=\"image\/png\" \/>\n<meta name=\"author\" content=\"Gaspard Rambel\" \/>\n<meta name=\"twitter:card\" content=\"summary_large_image\" \/>\n<meta name=\"twitter:label1\" content=\"\u00c9crit par\" \/>\n\t<meta name=\"twitter:data1\" content=\"Gaspard Rambel\" \/>\n\t<meta name=\"twitter:label2\" content=\"Dur\u00e9e de lecture estim\u00e9e\" \/>\n\t<meta name=\"twitter:data2\" content=\"10 minutes\" \/>\n<script type=\"application\/ld+json\" class=\"yoast-schema-graph\">{\"@context\":\"https:\/\/schema.org\",\"@graph\":[{\"@type\":\"Article\",\"@id\":\"https:\/\/revuedestemps.com\/index.php\/2025\/04\/18\/canada-interrogations-et-rapprochement-avec-lunion-europeenne\/#article\",\"isPartOf\":{\"@id\":\"https:\/\/revuedestemps.com\/index.php\/2025\/04\/18\/canada-interrogations-et-rapprochement-avec-lunion-europeenne\/\"},\"author\":{\"name\":\"Gaspard Rambel\",\"@id\":\"https:\/\/revuedestemps.com\/#\/schema\/person\/5dd0a03a675e44a338960d747e469d8f\"},\"headline\":\"Canada : Interrogations et rapprochement avec l&rsquo;Union europ\u00e9enne\",\"datePublished\":\"2025-04-18T21:54:08+00:00\",\"dateModified\":\"2025-04-26T09:48:26+00:00\",\"mainEntityOfPage\":{\"@id\":\"https:\/\/revuedestemps.com\/index.php\/2025\/04\/18\/canada-interrogations-et-rapprochement-avec-lunion-europeenne\/\"},\"wordCount\":2034,\"commentCount\":0,\"publisher\":{\"@id\":\"https:\/\/revuedestemps.com\/#organization\"},\"image\":{\"@id\":\"https:\/\/revuedestemps.com\/index.php\/2025\/04\/18\/canada-interrogations-et-rapprochement-avec-lunion-europeenne\/#primaryimage\"},\"thumbnailUrl\":\"https:\/\/revuedestemps.com\/wp-content\/uploads\/2025\/04\/Octobre-2024_20250426_114620_0000.png\",\"keywords\":[\"avril\"],\"articleSection\":[\"Politique\"],\"inLanguage\":\"fr-FR\",\"potentialAction\":[{\"@type\":\"CommentAction\",\"name\":\"Comment\",\"target\":[\"https:\/\/revuedestemps.com\/index.php\/2025\/04\/18\/canada-interrogations-et-rapprochement-avec-lunion-europeenne\/#respond\"]}]},{\"@type\":\"WebPage\",\"@id\":\"https:\/\/revuedestemps.com\/index.php\/2025\/04\/18\/canada-interrogations-et-rapprochement-avec-lunion-europeenne\/\",\"url\":\"https:\/\/revuedestemps.com\/index.php\/2025\/04\/18\/canada-interrogations-et-rapprochement-avec-lunion-europeenne\/\",\"name\":\"Canada : Interrogations et rapprochement avec l'Union europ\u00e9enne - Revue des Temps\",\"isPartOf\":{\"@id\":\"https:\/\/revuedestemps.com\/#website\"},\"primaryImageOfPage\":{\"@id\":\"https:\/\/revuedestemps.com\/index.php\/2025\/04\/18\/canada-interrogations-et-rapprochement-avec-lunion-europeenne\/#primaryimage\"},\"image\":{\"@id\":\"https:\/\/revuedestemps.com\/index.php\/2025\/04\/18\/canada-interrogations-et-rapprochement-avec-lunion-europeenne\/#primaryimage\"},\"thumbnailUrl\":\"https:\/\/revuedestemps.com\/wp-content\/uploads\/2025\/04\/Octobre-2024_20250426_114620_0000.png\",\"datePublished\":\"2025-04-18T21:54:08+00:00\",\"dateModified\":\"2025-04-26T09:48:26+00:00\",\"breadcrumb\":{\"@id\":\"https:\/\/revuedestemps.com\/index.php\/2025\/04\/18\/canada-interrogations-et-rapprochement-avec-lunion-europeenne\/#breadcrumb\"},\"inLanguage\":\"fr-FR\",\"potentialAction\":[{\"@type\":\"ReadAction\",\"target\":[\"https:\/\/revuedestemps.com\/index.php\/2025\/04\/18\/canada-interrogations-et-rapprochement-avec-lunion-europeenne\/\"]}]},{\"@type\":\"ImageObject\",\"inLanguage\":\"fr-FR\",\"@id\":\"https:\/\/revuedestemps.com\/index.php\/2025\/04\/18\/canada-interrogations-et-rapprochement-avec-lunion-europeenne\/#primaryimage\",\"url\":\"https:\/\/revuedestemps.com\/wp-content\/uploads\/2025\/04\/Octobre-2024_20250426_114620_0000.png\",\"contentUrl\":\"https:\/\/revuedestemps.com\/wp-content\/uploads\/2025\/04\/Octobre-2024_20250426_114620_0000.png\",\"width\":2240,\"height\":1260},{\"@type\":\"BreadcrumbList\",\"@id\":\"https:\/\/revuedestemps.com\/index.php\/2025\/04\/18\/canada-interrogations-et-rapprochement-avec-lunion-europeenne\/#breadcrumb\",\"itemListElement\":[{\"@type\":\"ListItem\",\"position\":1,\"name\":\"Accueil\",\"item\":\"https:\/\/revuedestemps.com\/\"},{\"@type\":\"ListItem\",\"position\":2,\"name\":\"Canada : Interrogations et rapprochement avec l&rsquo;Union europ\u00e9enne\"}]},{\"@type\":\"WebSite\",\"@id\":\"https:\/\/revuedestemps.com\/#website\",\"url\":\"https:\/\/revuedestemps.com\/\",\"name\":\"Revue des Temps\",\"description\":\"L&#039;actualit\u00e9 politique et culturelle sous tous les angles. Revue fond\u00e9e par Gaspard Rambel en novembre 2023.\",\"publisher\":{\"@id\":\"https:\/\/revuedestemps.com\/#organization\"},\"potentialAction\":[{\"@type\":\"SearchAction\",\"target\":{\"@type\":\"EntryPoint\",\"urlTemplate\":\"https:\/\/revuedestemps.com\/?s={search_term_string}\"},\"query-input\":{\"@type\":\"PropertyValueSpecification\",\"valueRequired\":true,\"valueName\":\"search_term_string\"}}],\"inLanguage\":\"fr-FR\"},{\"@type\":\"Organization\",\"@id\":\"https:\/\/revuedestemps.com\/#organization\",\"name\":\"Revue des Temps\",\"url\":\"https:\/\/revuedestemps.com\/\",\"logo\":{\"@type\":\"ImageObject\",\"inLanguage\":\"fr-FR\",\"@id\":\"https:\/\/revuedestemps.com\/#\/schema\/logo\/image\/\",\"url\":\"https:\/\/revuedestemps.com\/wp-content\/uploads\/2024\/03\/sticker-vintage-carte-map-monde-black-white-edited.jpg\",\"contentUrl\":\"https:\/\/revuedestemps.com\/wp-content\/uploads\/2024\/03\/sticker-vintage-carte-map-monde-black-white-edited.jpg\",\"width\":528,\"height\":528,\"caption\":\"Revue des Temps\"},\"image\":{\"@id\":\"https:\/\/revuedestemps.com\/#\/schema\/logo\/image\/\"}},{\"@type\":\"Person\",\"@id\":\"https:\/\/revuedestemps.com\/#\/schema\/person\/5dd0a03a675e44a338960d747e469d8f\",\"name\":\"Gaspard Rambel\",\"image\":{\"@type\":\"ImageObject\",\"inLanguage\":\"fr-FR\",\"@id\":\"https:\/\/revuedestemps.com\/#\/schema\/person\/image\/\",\"url\":\"https:\/\/secure.gravatar.com\/avatar\/c781574b7a9ec142e7aa58e2f42bc92245a3ef4968a31659d97245b1c5fb9154?s=96&d=mm&r=g\",\"contentUrl\":\"https:\/\/secure.gravatar.com\/avatar\/c781574b7a9ec142e7aa58e2f42bc92245a3ef4968a31659d97245b1c5fb9154?s=96&d=mm&r=g\",\"caption\":\"Gaspard Rambel\"},\"url\":\"https:\/\/revuedestemps.com\/index.php\/author\/gaspard\/\"}]}<\/script>\n<!-- \/ Yoast SEO plugin. -->","yoast_head_json":{"title":"Canada : Interrogations et rapprochement avec l'Union europ\u00e9enne - Revue des Temps","robots":{"index":"index","follow":"follow","max-snippet":"max-snippet:-1","max-image-preview":"max-image-preview:large","max-video-preview":"max-video-preview:-1"},"canonical":"https:\/\/revuedestemps.com\/index.php\/2025\/04\/18\/canada-interrogations-et-rapprochement-avec-lunion-europeenne\/","og_locale":"fr_FR","og_type":"article","og_title":"Canada : Interrogations et rapprochement avec l'Union europ\u00e9enne - Revue des Temps","og_description":"\u00c0 l&rsquo;instar du Japon, fort de sa valeur ajout\u00e9e dans le domaine de l\u2019intelligence artificielle, et de l&rsquo;Australie, qui b\u00e9n\u00e9ficie d&rsquo;une \u00e9conomie prosp\u00e8re depuis plusieurs d\u00e9cennies, le Canada semble vouloir \u00e9galement op\u00e9rer un rapprochement avec le Vieux Continent. C&rsquo;est dans cette optique que le premier ministre, Mark Carney, a indiqu\u00e9 que le Canada est \u201cle [&hellip;]","og_url":"https:\/\/revuedestemps.com\/index.php\/2025\/04\/18\/canada-interrogations-et-rapprochement-avec-lunion-europeenne\/","og_site_name":"Revue des Temps","article_published_time":"2025-04-18T21:54:08+00:00","article_modified_time":"2025-04-26T09:48:26+00:00","og_image":[{"width":1024,"height":576,"url":"http:\/\/revuedestemps.com\/wp-content\/uploads\/2025\/04\/Octobre-2024_20250426_114620_0000-1024x576.png","type":"image\/png"}],"author":"Gaspard Rambel","twitter_card":"summary_large_image","twitter_misc":{"\u00c9crit par":"Gaspard Rambel","Dur\u00e9e de lecture estim\u00e9e":"10 minutes"},"schema":{"@context":"https:\/\/schema.org","@graph":[{"@type":"Article","@id":"https:\/\/revuedestemps.com\/index.php\/2025\/04\/18\/canada-interrogations-et-rapprochement-avec-lunion-europeenne\/#article","isPartOf":{"@id":"https:\/\/revuedestemps.com\/index.php\/2025\/04\/18\/canada-interrogations-et-rapprochement-avec-lunion-europeenne\/"},"author":{"name":"Gaspard Rambel","@id":"https:\/\/revuedestemps.com\/#\/schema\/person\/5dd0a03a675e44a338960d747e469d8f"},"headline":"Canada : Interrogations et rapprochement avec l&rsquo;Union europ\u00e9enne","datePublished":"2025-04-18T21:54:08+00:00","dateModified":"2025-04-26T09:48:26+00:00","mainEntityOfPage":{"@id":"https:\/\/revuedestemps.com\/index.php\/2025\/04\/18\/canada-interrogations-et-rapprochement-avec-lunion-europeenne\/"},"wordCount":2034,"commentCount":0,"publisher":{"@id":"https:\/\/revuedestemps.com\/#organization"},"image":{"@id":"https:\/\/revuedestemps.com\/index.php\/2025\/04\/18\/canada-interrogations-et-rapprochement-avec-lunion-europeenne\/#primaryimage"},"thumbnailUrl":"https:\/\/revuedestemps.com\/wp-content\/uploads\/2025\/04\/Octobre-2024_20250426_114620_0000.png","keywords":["avril"],"articleSection":["Politique"],"inLanguage":"fr-FR","potentialAction":[{"@type":"CommentAction","name":"Comment","target":["https:\/\/revuedestemps.com\/index.php\/2025\/04\/18\/canada-interrogations-et-rapprochement-avec-lunion-europeenne\/#respond"]}]},{"@type":"WebPage","@id":"https:\/\/revuedestemps.com\/index.php\/2025\/04\/18\/canada-interrogations-et-rapprochement-avec-lunion-europeenne\/","url":"https:\/\/revuedestemps.com\/index.php\/2025\/04\/18\/canada-interrogations-et-rapprochement-avec-lunion-europeenne\/","name":"Canada : Interrogations et rapprochement avec l'Union europ\u00e9enne - Revue des Temps","isPartOf":{"@id":"https:\/\/revuedestemps.com\/#website"},"primaryImageOfPage":{"@id":"https:\/\/revuedestemps.com\/index.php\/2025\/04\/18\/canada-interrogations-et-rapprochement-avec-lunion-europeenne\/#primaryimage"},"image":{"@id":"https:\/\/revuedestemps.com\/index.php\/2025\/04\/18\/canada-interrogations-et-rapprochement-avec-lunion-europeenne\/#primaryimage"},"thumbnailUrl":"https:\/\/revuedestemps.com\/wp-content\/uploads\/2025\/04\/Octobre-2024_20250426_114620_0000.png","datePublished":"2025-04-18T21:54:08+00:00","dateModified":"2025-04-26T09:48:26+00:00","breadcrumb":{"@id":"https:\/\/revuedestemps.com\/index.php\/2025\/04\/18\/canada-interrogations-et-rapprochement-avec-lunion-europeenne\/#breadcrumb"},"inLanguage":"fr-FR","potentialAction":[{"@type":"ReadAction","target":["https:\/\/revuedestemps.com\/index.php\/2025\/04\/18\/canada-interrogations-et-rapprochement-avec-lunion-europeenne\/"]}]},{"@type":"ImageObject","inLanguage":"fr-FR","@id":"https:\/\/revuedestemps.com\/index.php\/2025\/04\/18\/canada-interrogations-et-rapprochement-avec-lunion-europeenne\/#primaryimage","url":"https:\/\/revuedestemps.com\/wp-content\/uploads\/2025\/04\/Octobre-2024_20250426_114620_0000.png","contentUrl":"https:\/\/revuedestemps.com\/wp-content\/uploads\/2025\/04\/Octobre-2024_20250426_114620_0000.png","width":2240,"height":1260},{"@type":"BreadcrumbList","@id":"https:\/\/revuedestemps.com\/index.php\/2025\/04\/18\/canada-interrogations-et-rapprochement-avec-lunion-europeenne\/#breadcrumb","itemListElement":[{"@type":"ListItem","position":1,"name":"Accueil","item":"https:\/\/revuedestemps.com\/"},{"@type":"ListItem","position":2,"name":"Canada : Interrogations et rapprochement avec l&rsquo;Union europ\u00e9enne"}]},{"@type":"WebSite","@id":"https:\/\/revuedestemps.com\/#website","url":"https:\/\/revuedestemps.com\/","name":"Revue des Temps","description":"L&#039;actualit\u00e9 politique et culturelle sous tous les angles. Revue fond\u00e9e par Gaspard Rambel en novembre 2023.","publisher":{"@id":"https:\/\/revuedestemps.com\/#organization"},"potentialAction":[{"@type":"SearchAction","target":{"@type":"EntryPoint","urlTemplate":"https:\/\/revuedestemps.com\/?s={search_term_string}"},"query-input":{"@type":"PropertyValueSpecification","valueRequired":true,"valueName":"search_term_string"}}],"inLanguage":"fr-FR"},{"@type":"Organization","@id":"https:\/\/revuedestemps.com\/#organization","name":"Revue des Temps","url":"https:\/\/revuedestemps.com\/","logo":{"@type":"ImageObject","inLanguage":"fr-FR","@id":"https:\/\/revuedestemps.com\/#\/schema\/logo\/image\/","url":"https:\/\/revuedestemps.com\/wp-content\/uploads\/2024\/03\/sticker-vintage-carte-map-monde-black-white-edited.jpg","contentUrl":"https:\/\/revuedestemps.com\/wp-content\/uploads\/2024\/03\/sticker-vintage-carte-map-monde-black-white-edited.jpg","width":528,"height":528,"caption":"Revue des Temps"},"image":{"@id":"https:\/\/revuedestemps.com\/#\/schema\/logo\/image\/"}},{"@type":"Person","@id":"https:\/\/revuedestemps.com\/#\/schema\/person\/5dd0a03a675e44a338960d747e469d8f","name":"Gaspard Rambel","image":{"@type":"ImageObject","inLanguage":"fr-FR","@id":"https:\/\/revuedestemps.com\/#\/schema\/person\/image\/","url":"https:\/\/secure.gravatar.com\/avatar\/c781574b7a9ec142e7aa58e2f42bc92245a3ef4968a31659d97245b1c5fb9154?s=96&d=mm&r=g","contentUrl":"https:\/\/secure.gravatar.com\/avatar\/c781574b7a9ec142e7aa58e2f42bc92245a3ef4968a31659d97245b1c5fb9154?s=96&d=mm&r=g","caption":"Gaspard Rambel"},"url":"https:\/\/revuedestemps.com\/index.php\/author\/gaspard\/"}]}},"_links":{"self":[{"href":"https:\/\/revuedestemps.com\/index.php\/wp-json\/wp\/v2\/posts\/3222","targetHints":{"allow":["GET"]}}],"collection":[{"href":"https:\/\/revuedestemps.com\/index.php\/wp-json\/wp\/v2\/posts"}],"about":[{"href":"https:\/\/revuedestemps.com\/index.php\/wp-json\/wp\/v2\/types\/post"}],"author":[{"embeddable":true,"href":"https:\/\/revuedestemps.com\/index.php\/wp-json\/wp\/v2\/users\/3"}],"replies":[{"embeddable":true,"href":"https:\/\/revuedestemps.com\/index.php\/wp-json\/wp\/v2\/comments?post=3222"}],"version-history":[{"count":70,"href":"https:\/\/revuedestemps.com\/index.php\/wp-json\/wp\/v2\/posts\/3222\/revisions"}],"predecessor-version":[{"id":3339,"href":"https:\/\/revuedestemps.com\/index.php\/wp-json\/wp\/v2\/posts\/3222\/revisions\/3339"}],"wp:featuredmedia":[{"embeddable":true,"href":"https:\/\/revuedestemps.com\/index.php\/wp-json\/wp\/v2\/media\/3355"}],"wp:attachment":[{"href":"https:\/\/revuedestemps.com\/index.php\/wp-json\/wp\/v2\/media?parent=3222"}],"wp:term":[{"taxonomy":"category","embeddable":true,"href":"https:\/\/revuedestemps.com\/index.php\/wp-json\/wp\/v2\/categories?post=3222"},{"taxonomy":"post_tag","embeddable":true,"href":"https:\/\/revuedestemps.com\/index.php\/wp-json\/wp\/v2\/tags?post=3222"}],"curies":[{"name":"wp","href":"https:\/\/api.w.org\/{rel}","templated":true}]}}