{"id":3852,"date":"2025-08-06T16:19:31","date_gmt":"2025-08-06T14:19:31","guid":{"rendered":"https:\/\/revuedestemps.com\/?p=3852"},"modified":"2025-08-29T13:35:45","modified_gmt":"2025-08-29T11:35:45","slug":"17-ans-apres-la-guerre-daout-en-georgie-la-lutte-continue","status":"publish","type":"post","link":"https:\/\/revuedestemps.com\/index.php\/2025\/08\/06\/17-ans-apres-la-guerre-daout-en-georgie-la-lutte-continue\/","title":{"rendered":"17 ans apr\u00e8s la guerre d&rsquo;ao\u00fbt en G\u00e9orgie, la lutte continue"},"content":{"rendered":"<h3>Cet article a \u00e9t\u00e9 \u00e9crit pour les lecteurs \u00e0 l&rsquo;occasion du tristement 17e anniversaire de la guerre d&rsquo;ao\u00fbt 2008, une guerre qui a non seulement chang\u00e9 le destin de la G\u00e9orgie, mais a aussi remodel\u00e9 la r\u00e9alit\u00e9 g\u00e9opolitique de l&rsquo;Europe. Elle a marqu\u00e9 l&rsquo;un des premiers tests de l&rsquo;ambition imp\u00e9riale russe au XXIe si\u00e8cle. C&rsquo;\u00e9tait un avertissement brutal au monde, un avertissement qui a \u00e9t\u00e9 honteusement ignor\u00e9. Comme l&rsquo;a d\u00e9clar\u00e9 proph\u00e9tiquement le pr\u00e9sident polonais Lech Kaczy\u0144ski lors de l&rsquo;invasion russe : \u00ab Aujourd&rsquo;hui, c&rsquo;est la G\u00e9orgie, demain ce sera l&rsquo;Ukraine, puis les \u00c9tats baltes, et plus tard peut-\u00eatre le reste de l&rsquo;Europe. Son avertissement s&rsquo;est av\u00e9r\u00e9 exact avec l&rsquo;invasion de la Crim\u00e9e en 2014 et la guerre \u00e0 grande \u00e9chelle en Ukraine en 2022.<\/h3>\n<h3>En avril 2008, lors du sommet de l&rsquo;OTAN \u00e0 Bucarest, la G\u00e9orgie et l&rsquo;Ukraine se sont vu refuser le Plan d&rsquo;action pour l&rsquo;adh\u00e9sion (MAP)<sup><sup><a id=\"post-3852-footnote-ref-0\" href=\"#post-3852-footnote-0\">[1]<\/a><\/sup><\/sup>, principalement en raison de la r\u00e9sistance de la chanceli\u00e8re allemande de l&rsquo;\u00e9poque, Angela Merkel, et du pr\u00e9sident fran\u00e7ais, Nicolas Sarkozy. Bien qu&rsquo;une vague promesse d&rsquo;une future adh\u00e9sion \u00e0 l&rsquo;OTAN ait \u00e9t\u00e9 offerte, le Kremlin a interpr\u00e9t\u00e9 l&rsquo;h\u00e9sitation de l&rsquo;Occident comme un feu vert. Les mois suivants ont vu une r\u00e9ponse arm\u00e9e visant \u00e0 \u00e9craser les aspirations de la G\u00e9orgie \u00e0 l&rsquo;OTAN et \u00e0 dissuader toute nouvelle int\u00e9gration euro-atlantique dans la p\u00e9riph\u00e9rie post-sovi\u00e9tique de la Russie.<\/h3>\n<p><img loading=\"lazy\" decoding=\"async\" width=\"454\" height=\"599\" class=\"wp-image-3853 aligncenter\" src=\"http:\/\/revuedestemps.com\/wp-content\/uploads\/2025\/08\/word-image-3852-1.jpeg\" srcset=\"https:\/\/revuedestemps.com\/wp-content\/uploads\/2025\/08\/word-image-3852-1.jpeg 454w, https:\/\/revuedestemps.com\/wp-content\/uploads\/2025\/08\/word-image-3852-1-227x300.jpeg 227w\" sizes=\"auto, (max-width: 454px) 100vw, 454px\" \/><\/p>\n<p style=\"text-align: center;\"><em>Photo d&rsquo;archives du 13 ao\u00fbt 2008. Des r\u00e9fugi\u00e9s g\u00e9orgiens sont assis dans un camion sur la route entre Gori et Tbilissi, en G\u00e9orgie. La Cour europ\u00e9enne des droits de l&rsquo;homme a statu\u00e9 jeudi 21 janvier 2021 que la Russie \u00e9tait responsable d&rsquo;une s\u00e9rie de violations dans les r\u00e9gions s\u00e9paratistes de G\u00e9orgie apr\u00e8s la guerre russo-g\u00e9orgienne de 2008.<\/em><\/p>\n<p style=\"text-align: center;\"><em>(AP Photo\/Sergei Grits, Archive)<\/em><\/p>\n<h2><strong>Une r\u00e9gion strat\u00e9gique menac\u00e9e<\/strong><\/h2>\n<h3>Nich\u00e9e \u00e0 seulement 40 kilom\u00e8tres de la capitale g\u00e9orgienne, Tbilissi, et bordant la ville centrale cl\u00e9 de Gori, le territoire occup\u00e9 connu sous le nom de soi-disant \u00ab Oss\u00e9tie du Sud \u00bb<sup><sup><a id=\"post-3852-footnote-ref-1\" href=\"#post-3852-footnote-1\">[2]<\/a><\/sup><\/sup> rev\u00eat une valeur g\u00e9ostrat\u00e9gique essentielle. Il est situ\u00e9 le long de l&rsquo;autoroute Est-Ouest (E60), un corridor de transport et \u00e9conomique vital qui relie l&rsquo;est et l&rsquo;ouest de la G\u00e9orgie, et par extension, la mer Caspienne \u00e0 la mer Noire. Cela le rend non seulement sensible sur le plan militaire, mais aussi crucial sur le plan \u00e9conomique pour l&rsquo;unit\u00e9, le commerce et la d\u00e9fense nationale de la G\u00e9orgie.<\/h3>\n<h3>Depuis l&rsquo;occupation ill\u00e9gale par la Russie en 2008, cette enclave montagneuse a \u00e9t\u00e9 fortement militaris\u00e9e. L&rsquo;arm\u00e9e russe a stationn\u00e9 des milliers de soldats, construit de multiples bases fortifi\u00e9es, y compris une grande \u00e0 Java, au nord de Tskhinvali, et d\u00e9ploy\u00e9 des armements modernes tels que des syst\u00e8mes de d\u00e9fense a\u00e9rienne S-300, des radars, des syst\u00e8mes de missiles Iskander et des \u00e9quipements de guerre \u00e9lectronique. Ces installations permettent \u00e0 la Russie de surveiller et de menacer potentiellement Tbilissi, \u00e0 une courte distance en voiture, et de projeter sa puissance militaire profond\u00e9ment dans le Caucase du Sud.<\/h3>\n<h3>La pr\u00e9sence de gardes-fronti\u00e8res du FSS (Service f\u00e9d\u00e9ral de s\u00e9curit\u00e9) et les incursions r\u00e9guli\u00e8res (\u00ab fronti\u00e9risation \u00bb) en territoire g\u00e9orgien non contest\u00e9 sont devenues une menace constante. La Russie n&rsquo;occupe pas seulement un morceau de terre, elle se retranche en tant qu&rsquo;h\u00e9g\u00e9mon r\u00e9gional, sapant la souverainet\u00e9 de la G\u00e9orgie et mena\u00e7ant son int\u00e9gration euro-atlantique.<\/h3>\n<h2><strong>Une entit\u00e9 fabriqu\u00e9e : Contexte historique<\/strong><\/h2>\n<h3>La r\u00e9gion connue aujourd&rsquo;hui sous le nom d\u2019\u00ab Oss\u00e9tie du Sud \u00bb n&rsquo;a jamais exist\u00e9 en tant qu&rsquo;entit\u00e9 souveraine<sup><sup><a id=\"post-3852-footnote-ref-2\" href=\"#post-3852-footnote-2\">[3]<\/a><\/sup><\/sup>. Historiquement, cette zone faisait partie de Shida Kartli, une r\u00e9gion centrale de la G\u00e9orgie. En fait, les parties nord de Shida Kartli \u00e9taient traditionnellement appel\u00e9es Samachablo, du nom de la noble maison princi\u00e8re Machabeli qui l&rsquo;a gouvern\u00e9e pendant des si\u00e8cles.<\/h3>\n<h3>L\u2019\u00ab Oss\u00e9tie du Sud \u00bb n&rsquo;est jamais apparue sur aucune carte historique en tant qu&rsquo;unit\u00e9 politique distincte. C&rsquo;est une construction artificielle, d&rsquo;abord militaris\u00e9e et manipul\u00e9e pendant la p\u00e9riode sovi\u00e9tique, puis utilis\u00e9e par la Russie comme un outil de levier g\u00e9opolitique. M\u00eame l&rsquo;Oss\u00e9tie du Nord, aujourd&rsquo;hui une r\u00e9publique de la F\u00e9d\u00e9ration de Russie, \u00e9tait historiquement soit un vassal, un alli\u00e9, ou directement sous influence g\u00e9orgienne, et elle n&rsquo;a jamais \u00e9tendu ses fronti\u00e8res vers le sud au-del\u00e0 des montagnes du Grand Caucase. La division naturelle entre le Caucase du Nord et du Sud.<\/h3>\n<h2><strong>L&rsquo;hostilit\u00e9 russe envers la G\u00e9orgie \u00e0 partir des ann\u00e9es 1990<\/strong><\/h2>\n<h3>Apr\u00e8s l&rsquo;effondrement de l&rsquo;URSS, la Russie a cherch\u00e9 \u00e0 conserver le contr\u00f4le de ses anciens territoires. En G\u00e9orgie, cette strat\u00e9gie a consist\u00e9 \u00e0 alimenter activement le s\u00e9paratisme en Abkhazie et dans l\u2019\u00ab Oss\u00e9tie du Sud \u00bb. Tout au long des ann\u00e9es 1990, et surtout entre 2000 et 2008, la Russie a intensifi\u00e9 sa guerre hybride contre la G\u00e9orgie.<\/h3>\n<h3>L&rsquo;hostilit\u00e9 russe ne visait pas seulement les G\u00e9orgiens de souche, mais aussi les familles mixtes g\u00e9orgiennes-oss\u00e8tes et les Oss\u00e8tes de souche qui s&rsquo;opposaient au s\u00e9paratisme. Des maisons ont \u00e9t\u00e9 incendi\u00e9es, des gens ont \u00e9t\u00e9 harcel\u00e9s et beaucoup ont \u00e9t\u00e9 contraints de fuir vers d&rsquo;autres r\u00e9gions de la G\u00e9orgie bien avant la guerre. La guerre de 1992-1993 en Abkhazie<sup><sup><a id=\"post-3852-footnote-ref-3\" href=\"#post-3852-footnote-3\">[4]<\/a><\/sup><\/sup>, un autre conflit d\u00e9clench\u00e9 par la Russie, a entra\u00een\u00e9 plus de 250 000 G\u00e9orgiens d\u00e9plac\u00e9s \u00e0 l&rsquo;int\u00e9rieur du pays, cr\u00e9ant de profondes cons\u00e9quences sociales et \u00e9conomiques qui ont d\u00e9stabilis\u00e9 l&rsquo;\u00c9tat g\u00e9orgien.<\/h3>\n<p><img loading=\"lazy\" decoding=\"async\" width=\"590\" height=\"402\" class=\"wp-image-3854\" src=\"http:\/\/revuedestemps.com\/wp-content\/uploads\/2025\/08\/word-image-3852-2.jpeg\" srcset=\"https:\/\/revuedestemps.com\/wp-content\/uploads\/2025\/08\/word-image-3852-2.jpeg 590w, https:\/\/revuedestemps.com\/wp-content\/uploads\/2025\/08\/word-image-3852-2-300x204.jpeg 300w\" sizes=\"auto, (max-width: 590px) 100vw, 590px\" \/><\/p>\n<p><img loading=\"lazy\" decoding=\"async\" width=\"592\" height=\"360\" class=\"wp-image-3855\" src=\"http:\/\/revuedestemps.com\/wp-content\/uploads\/2025\/08\/word-image-3852-3.jpeg\" srcset=\"https:\/\/revuedestemps.com\/wp-content\/uploads\/2025\/08\/word-image-3852-3.jpeg 592w, https:\/\/revuedestemps.com\/wp-content\/uploads\/2025\/08\/word-image-3852-3-300x182.jpeg 300w\" sizes=\"auto, (max-width: 592px) 100vw, 592px\" \/><\/p>\n<h3>En 2006, la Russie a lanc\u00e9 une campagne de d\u00e9portation massive contre les citoyens g\u00e9orgiens, y compris des femmes et des enfants, utilisant souvent des avions-cargos pour les humilier publiquement. Beaucoup vivaient et travaillaient l\u00e9galement en Russie depuis des d\u00e9cennies. C&rsquo;\u00e9tait un acte clair de ciblage ethnique parrain\u00e9 par l&rsquo;\u00c9tat, une continuation de la kartvelophobie<sup><sup><a id=\"post-3852-footnote-ref-4\" href=\"#post-3852-footnote-4\">[5]<\/a><\/sup><\/sup> (anti-georgisme) du Kremlin, et un avertissement de ce qui allait suivre.<\/h3>\n<h2><strong>\u00ab\u00a0The Path to war\u00a0\u00bb : Provocations et escalade<\/strong><\/h2>\n<h3>Alors que la Russie pr\u00e9tend que la G\u00e9orgie a lanc\u00e9 une offensive le 8 ao\u00fbt 2008, les faits r\u00e9v\u00e8lent une longue s\u00e9rie de provocations et de guerres hybrides men\u00e9es par les forces russes et les s\u00e9paratistes. Je n&rsquo;avais que 8 ans \u00e0 l&rsquo;\u00e9poque, vivant pr\u00e8s de la zone de conflit, et ces \u00e9v\u00e9nements restent profond\u00e9ment ancr\u00e9s dans ma m\u00e9moire, des souvenirs vifs de peur, de chaos et d&rsquo;incertitude, d\u2019angoisses et de traumatismes<\/h3>\n<h3>En juillet 2008, la Russie avait achev\u00e9 d&rsquo;importants exercices militaires pr\u00e8s de la fronti\u00e8re g\u00e9orgienne, impliquant plus de 8 000 soldats et 700 v\u00e9hicules blind\u00e9s. Quelques jours plus tard, des journalistes russes et des combattants irr\u00e9guliers ont commenc\u00e9 \u00e0 arriver \u00e0 Tskhinvali, indiquant une connaissance pr\u00e9alable d&rsquo;une escalade<sup><sup><a id=\"post-3852-footnote-ref-5\" href=\"#post-3852-footnote-5\">[6]<\/a><\/sup><\/sup>.<\/h3>\n<h3>Entre le 1er et le 7 ao\u00fbt, des villages comme Avnevi, Nuli, Dvani et Eredvi ont \u00e9t\u00e9 constamment bombard\u00e9s. Le 1er ao\u00fbt, cinq policiers g\u00e9orgiens ont \u00e9t\u00e9 bless\u00e9s par des mines terrestres. Dans la nuit du 2 au 6 ao\u00fbt, les forces oss\u00e8tes ont repris les bombardements, tuant des civils et des policiers. Des unit\u00e9s militaires russes ont \u00e9t\u00e9 enregistr\u00e9es traversant le tunnel de Roki bien avant la r\u00e9ponse de la G\u00e9orgie.<\/h3>\n<p><img loading=\"lazy\" decoding=\"async\" width=\"590\" height=\"404\" class=\"wp-image-3856\" src=\"http:\/\/revuedestemps.com\/wp-content\/uploads\/2025\/08\/word-image-3852-4.jpeg\" srcset=\"https:\/\/revuedestemps.com\/wp-content\/uploads\/2025\/08\/word-image-3852-4.jpeg 590w, https:\/\/revuedestemps.com\/wp-content\/uploads\/2025\/08\/word-image-3852-4-300x205.jpeg 300w\" sizes=\"auto, (max-width: 590px) 100vw, 590px\" \/><\/p>\n<h3>Le 7 ao\u00fbt, la G\u00e9orgie a d\u00e9clar\u00e9 un cessez-le-feu unilat\u00e9ral, qui a \u00e9t\u00e9 ignor\u00e9 par les forces s\u00e9paratistes et russes. Face aux bombardements continus et \u00e0 l&rsquo;avanc\u00e9e d&rsquo;un convoi militaire russe, la G\u00e9orgie a exerc\u00e9 son droit souverain en vertu du droit international de d\u00e9fendre sa population et son territoire.<\/h3>\n<h3>Pour une chronologie exhaustive et v\u00e9rifi\u00e9e des \u00e9v\u00e9nements ayant conduit \u00e0 la guerre, voir ici :<\/h3>\n<h3><a href=\"https:\/\/augustwar.radiotavisupleba.ge\/en\/?fbclid=PAQ0xDSwMAQiFleHRuA2FlbQIxMAABp3i05yaucSqWWcce8JX__fmfUHNkhHrbzZCEPWIXx4q3UZ6PO90y4fkrDaDn_aem_v3M-hFhEJwqod0O5oAQLTg#intro\">https:\/\/augustwar.radiotavisupleba.ge\/en\/?fbclid=PAQ0xDSwMAQiFleHRuA2FlbQIxMAABp3i05yaucSqWWcce8JX__fmfUHNkhHrbzZCEPWIXx4q3UZ6PO90y4fkrDaDn_aem_v3M-hFhEJwqod0O5oAQLTg#intro<\/a><\/h3>\n<h2><strong>L&rsquo;occupation : Une violation de la souverainet\u00e9 de la G\u00e9orgie<\/strong><\/h2>\n<h3>L&rsquo;invasion et l&rsquo;occupation du territoire g\u00e9orgien par la Russie constituent une violation flagrante du droit international, en particulier de la Charte des Nations Unies, de l&rsquo;Acte final d&rsquo;Helsinki et de multiples d\u00e9clarations de l&rsquo;OSCE. Le rapport Heidi Tagliavini<sup><sup><a id=\"post-3852-footnote-ref-6\" href=\"#post-3852-footnote-6\">[7]<\/a><\/sup><\/sup>, mandat\u00e9 par l&rsquo;UE, a conclu que si la G\u00e9orgie a r\u00e9pondu militairement le 7 ao\u00fbt, ce n&rsquo;est pas elle qui a initi\u00e9 le conflit de masse du 8 ao\u00fbt suivant. Celui-ci a \u00e9t\u00e9 provoqu\u00e9 et intensifi\u00e9 par les s\u00e9paratistes soutenus par la Russie, et le d\u00e9ploiement militaire pr\u00e9m\u00e9dit\u00e9 de soldats russes.<\/h3>\n<h3>Ce qui a suivi a \u00e9t\u00e9 une campagne de nettoyage ethnique \u00e0 grande \u00e9chelle. Des villages g\u00e9orgiens entiers ont \u00e9t\u00e9 pill\u00e9s, incendi\u00e9s et ras\u00e9s. Plus de 26 000 G\u00e9orgiens ont \u00e9t\u00e9 d\u00e9plac\u00e9s de la seule r\u00e9gion de Tskhinvali. Les forces russes et les s\u00e9paratistes ont men\u00e9 une politique d&rsquo;effacement culturel, allant m\u00eame jusqu&rsquo;\u00e0 renommer des villes et des villages pour effacer leur h\u00e9ritage g\u00e9orgien.<\/h3>\n<p><img loading=\"lazy\" decoding=\"async\" width=\"500\" height=\"382\" class=\"wp-image-3857\" src=\"http:\/\/revuedestemps.com\/wp-content\/uploads\/2025\/08\/word-image-3852-5.jpeg\" srcset=\"https:\/\/revuedestemps.com\/wp-content\/uploads\/2025\/08\/word-image-3852-5.jpeg 500w, https:\/\/revuedestemps.com\/wp-content\/uploads\/2025\/08\/word-image-3852-5-300x229.jpeg 300w\" sizes=\"auto, (max-width: 500px) 100vw, 500px\" \/> <img loading=\"lazy\" decoding=\"async\" width=\"500\" height=\"400\" class=\"wp-image-3858\" src=\"http:\/\/revuedestemps.com\/wp-content\/uploads\/2025\/08\/word-image-3852-6.jpeg\" srcset=\"https:\/\/revuedestemps.com\/wp-content\/uploads\/2025\/08\/word-image-3852-6.jpeg 500w, https:\/\/revuedestemps.com\/wp-content\/uploads\/2025\/08\/word-image-3852-6-300x240.jpeg 300w\" sizes=\"auto, (max-width: 500px) 100vw, 500px\" \/><\/p>\n<p style=\"text-align: center;\"><em>Soldats russes en train de piller des villes<\/em> <em>ou villages.<\/em><\/p>\n<h3>Vid\u00e9o qui compare des villages g\u00e9orgiens avant et apr\u00e8s le nettoyage ethnique :<\/h3>\n<h3><a href=\"https:\/\/youtu.be\/X1vHoPnPOJU?si=zm27S1UiSgkt_A9J\">https:\/\/youtu.be\/X1vHoPnPOJU?si=zm27S1UiSgkt_A9J<\/a><\/h3>\n<h3>Aujourd&rsquo;hui, la r\u00e9gion est une zone occup\u00e9e par la Russie et fortement militaris\u00e9e, avec des barbel\u00e9s, des d\u00e9tentions ill\u00e9gales et m\u00eame des enl\u00e8vements de citoyens g\u00e9orgiens. Certains de mes proches et de ma famille \u00e9largie r\u00e9sident encore dans des villages qui sont maintenant partiellement occup\u00e9s, et chaque ann\u00e9e, le processus de soi-disant \u00ab fronti\u00e9risation \u00bb d\u00e9vore une plus grande partie de leurs terres. Les forces d&rsquo;occupation arrivent souvent juste avant la saison des r\u00e9coltes pour installer des cl\u00f4tures ill\u00e9gales, coupant l&rsquo;acc\u00e8s aux terres agricoles et aux cultures pr\u00eates \u00e0 \u00eatre r\u00e9colt\u00e9es. Cela a non seulement provoqu\u00e9 une d\u00e9vastation \u00e9conomique pour de nombreux villageois, y compris des proches, mais a \u00e9galement approfondi la souffrance morale et psychologique qu&rsquo;ils endurent. Le sentiment d&rsquo;ins\u00e9curit\u00e9 est constant, les habitants vivent dans la peur d&rsquo;arrestations arbitraires et de nouvelles saisies de terres. L&rsquo;occupation n&rsquo;est pas une r\u00e9alit\u00e9 statique, c&rsquo;est une injustice active et rampante qui continue de voler des vies, des moyens de subsistance ainsi que la dignit\u00e9 des habitants qui y r\u00e9sident, ann\u00e9e apr\u00e8s ann\u00e9e.<\/h3>\n<p><img loading=\"lazy\" decoding=\"async\" width=\"1080\" height=\"1440\" class=\"wp-image-3859\" src=\"http:\/\/revuedestemps.com\/wp-content\/uploads\/2025\/08\/word-image-3852-7.jpeg\" srcset=\"https:\/\/revuedestemps.com\/wp-content\/uploads\/2025\/08\/word-image-3852-7.jpeg 1080w, https:\/\/revuedestemps.com\/wp-content\/uploads\/2025\/08\/word-image-3852-7-225x300.jpeg 225w, https:\/\/revuedestemps.com\/wp-content\/uploads\/2025\/08\/word-image-3852-7-768x1024.jpeg 768w\" sizes=\"auto, (max-width: 1080px) 100vw, 1080px\" \/><\/p>\n<p style=\"text-align: center;\"><em>L&rsquo;une des photos les plus dramatiques de l&rsquo;agression russe : la ville de Tskhinvali. Occupants et gangs enferment les survivants des villages g\u00e9orgiens dans des cages, sans eau ni nourriture, tandis qu&rsquo;eux-m\u00eames c\u00e9l\u00e8brent un concert de Valery Gergiev [arri\u00e8re-plan].<\/em><\/p>\n<h2><strong>Une guerre encore dans les m\u00e9moires <\/strong><\/h2>\n<h3>La guerre d&rsquo;ao\u00fbt 2008 n&rsquo;\u00e9tait pas un conflit gel\u00e9, ni une \u00e9ruption spontan\u00e9e de violence. Elle faisait partie du programme imp\u00e9rial calcul\u00e9 de la Russie pour freiner le d\u00e9veloppement d\u00e9mocratique et l&rsquo;int\u00e9gration euro-atlantique de la G\u00e9orgie. La faible r\u00e9ponse de la communaut\u00e9 internationale en 2008 a non seulement trahi l&rsquo;un de ses plus proches alli\u00e9s, mais a \u00e9galement enhardi le Kremlin \u00e0 aller plus loin.<\/h3>\n<h3>Les cons\u00e9quences de la guerre restent dangereusement vivaces : l&rsquo;Ukraine a \u00e9t\u00e9 attaqu\u00e9e en 2014, et de nouveau en 2022. Les \u00c9tats baltes et la Pologne restent en \u00e9tat d&rsquo;alerte \u00e9lev\u00e9. La G\u00e9orgie vit toujours sous une occupation partielle, avec des barbel\u00e9s qui se rapprochent de plus en plus de son c\u0153ur.<\/h3>\n<h3>Giorgi Germesashvili<\/h3>\n<ol>\n<li id=\"post-3852-footnote-0\"><a href=\"https:\/\/www.nouvelobs.com\/monde\/20080402.OBS7749\/ukraine-et-georgie-dans-l-otan-merkel-s-y-oppose.html\">https:\/\/www.nouvelobs.com\/monde\/20080402.OBS7749\/ukraine-et-georgie-dans-l-otan-merkel-s-y-oppose.html<\/a> <a href=\"#post-3852-footnote-ref-0\">\u2191<\/a><\/li>\n<li id=\"post-3852-footnote-1\"><a href=\"https:\/\/www.ouest-france.fr\/leditiondusoir\/2022-04-04\/qu-est-ce-que-l-ossetie-du-sud-cette-region-de-georgie-qui-pourrait-etre-rattachee-a-la-russie-8db3a122-f281-401e-be3b-ed4650ef1c63\">https:\/\/www.ouest-france.fr\/leditiondusoir\/2022-04-04\/qu-est-ce-que-l-ossetie-du-sud-cette-region-de-georgie-qui-pourrait-etre-rattachee-a-la-russie-8db3a122-f281-401e-be3b-ed4650ef1c63<\/a> <a href=\"#post-3852-footnote-ref-1\">\u2191<\/a><\/li>\n<li id=\"post-3852-footnote-2\"><a href=\"https:\/\/www.letemps.ch\/opinions\/lhistoire-tourmentee-lossetie?srsltid=AfmBOorbkVE1pal0ci6yRnC0iQcmwEVOzr_6_bA-HKarKWKcdFUJ0gh6\">https:\/\/www.letemps.ch\/opinions\/lhistoire-tourmentee-lossetie?srsltid=AfmBOorbkVE1pal0ci6yRnC0iQcmwEVOzr_6_bA-HKarKWKcdFUJ0gh6<\/a> <a href=\"#post-3852-footnote-ref-2\">\u2191<\/a><\/li>\n<li id=\"post-3852-footnote-3\"><a href=\"https:\/\/www.sciencespo.fr\/enjeumondial\/fr\/odr\/querelle-de-chapelles-en-abkhazie.html\">https:\/\/www.sciencespo.fr\/enjeumondial\/fr\/odr\/querelle-de-chapelles-en-abkhazie.html<\/a> <a href=\"#post-3852-footnote-ref-3\">\u2191<\/a><\/li>\n<li id=\"post-3852-footnote-4\"><a href=\"https:\/\/fr.m.wikipedia.org\/wiki\/Anti-g%C3%A9orgisme\">https:\/\/fr.m.wikipedia.org\/wiki\/Anti-g%C3%A9orgisme<\/a> <a href=\"#post-3852-footnote-ref-4\">\u2191<\/a><\/li>\n<li id=\"post-3852-footnote-5\"><a href=\"https:\/\/spds.fr\/2025\/04\/22\/linvasion-de-la-georgie-par-la-russie-en-2008\/\">https:\/\/spds.fr\/2025\/04\/22\/linvasion-de-la-georgie-par-la-russie-en-2008\/<\/a> <a href=\"#post-3852-footnote-ref-5\">\u2191<\/a><\/li>\n<li id=\"post-3852-footnote-6\"><a href=\"https:\/\/www.europarl.europa.eu\/doceo\/document\/CRE-7-2009-10-22-ITM-006_FR.html\">https:\/\/www.europarl.europa.eu\/doceo\/document\/CRE-7-2009-10-22-ITM-006_FR.html<\/a> <a href=\"#post-3852-footnote-ref-6\">\u2191<\/a><\/li>\n<\/ol>\n","protected":false},"excerpt":{"rendered":"<p>Cet article a \u00e9t\u00e9 \u00e9crit pour les lecteurs \u00e0 l&rsquo;occasion du tristement 17e anniversaire de la guerre d&rsquo;ao\u00fbt 2008, une guerre qui a non seulement chang\u00e9 le destin de la G\u00e9orgie, mais a aussi remodel\u00e9 la r\u00e9alit\u00e9 g\u00e9opolitique de l&rsquo;Europe. Elle a marqu\u00e9 l&rsquo;un des premiers tests de l&rsquo;ambition imp\u00e9riale russe au XXIe si\u00e8cle. C&rsquo;\u00e9tait [&hellip;]<\/p>\n","protected":false},"author":18,"featured_media":3861,"comment_status":"open","ping_status":"open","sticky":false,"template":"","format":"standard","meta":{"footnotes":""},"categories":[17,16],"tags":[47],"class_list":["post-3852","post","type-post","status-publish","format-standard","has-post-thumbnail","hentry","category-histoire","category-politique","tag-juillet-aout-2025"],"yoast_head":"<!-- This site is optimized with the Yoast SEO plugin v26.1.1 - https:\/\/yoast.com\/wordpress\/plugins\/seo\/ -->\n<title>17 ans apr\u00e8s la guerre d&#039;ao\u00fbt en G\u00e9orgie, la lutte continue - Revue des Temps<\/title>\n<meta name=\"robots\" content=\"index, follow, max-snippet:-1, max-image-preview:large, max-video-preview:-1\" \/>\n<link rel=\"canonical\" href=\"https:\/\/revuedestemps.com\/index.php\/2025\/08\/06\/17-ans-apres-la-guerre-daout-en-georgie-la-lutte-continue\/\" \/>\n<meta property=\"og:locale\" content=\"fr_FR\" \/>\n<meta property=\"og:type\" content=\"article\" \/>\n<meta property=\"og:title\" content=\"17 ans apr\u00e8s la guerre d&#039;ao\u00fbt en G\u00e9orgie, la lutte continue - Revue des Temps\" \/>\n<meta property=\"og:description\" content=\"Cet article a \u00e9t\u00e9 \u00e9crit pour les lecteurs \u00e0 l&rsquo;occasion du tristement 17e anniversaire de la guerre d&rsquo;ao\u00fbt 2008, une guerre qui a non seulement chang\u00e9 le destin de la G\u00e9orgie, mais a aussi remodel\u00e9 la r\u00e9alit\u00e9 g\u00e9opolitique de l&rsquo;Europe. Elle a marqu\u00e9 l&rsquo;un des premiers tests de l&rsquo;ambition imp\u00e9riale russe au XXIe si\u00e8cle. C&rsquo;\u00e9tait [&hellip;]\" \/>\n<meta property=\"og:url\" content=\"https:\/\/revuedestemps.com\/index.php\/2025\/08\/06\/17-ans-apres-la-guerre-daout-en-georgie-la-lutte-continue\/\" \/>\n<meta property=\"og:site_name\" content=\"Revue des Temps\" \/>\n<meta property=\"article:published_time\" content=\"2025-08-06T14:19:31+00:00\" \/>\n<meta property=\"article:modified_time\" content=\"2025-08-29T11:35:45+00:00\" \/>\n<meta property=\"og:image\" content=\"http:\/\/revuedestemps.com\/wp-content\/uploads\/2025\/08\/Copie-de-Copie-de-Octobre-2024_20250806_162910_0000.png\" \/>\n\t<meta property=\"og:image:width\" content=\"2240\" \/>\n\t<meta property=\"og:image:height\" content=\"1260\" \/>\n\t<meta property=\"og:image:type\" content=\"image\/png\" \/>\n<meta name=\"author\" content=\"Giorgi Germesashvili\" \/>\n<meta name=\"twitter:card\" content=\"summary_large_image\" \/>\n<meta name=\"twitter:label1\" content=\"\u00c9crit par\" \/>\n\t<meta name=\"twitter:data1\" content=\"Giorgi Germesashvili\" \/>\n\t<meta name=\"twitter:label2\" content=\"Dur\u00e9e de lecture estim\u00e9e\" \/>\n\t<meta name=\"twitter:data2\" content=\"10 minutes\" \/>\n<script type=\"application\/ld+json\" class=\"yoast-schema-graph\">{\"@context\":\"https:\/\/schema.org\",\"@graph\":[{\"@type\":\"Article\",\"@id\":\"https:\/\/revuedestemps.com\/index.php\/2025\/08\/06\/17-ans-apres-la-guerre-daout-en-georgie-la-lutte-continue\/#article\",\"isPartOf\":{\"@id\":\"https:\/\/revuedestemps.com\/index.php\/2025\/08\/06\/17-ans-apres-la-guerre-daout-en-georgie-la-lutte-continue\/\"},\"author\":{\"name\":\"Giorgi Germesashvili\",\"@id\":\"https:\/\/revuedestemps.com\/#\/schema\/person\/6812646a72d0bdab0ebafa6921a91165\"},\"headline\":\"17 ans apr\u00e8s la guerre d&rsquo;ao\u00fbt en G\u00e9orgie, la lutte continue\",\"datePublished\":\"2025-08-06T14:19:31+00:00\",\"dateModified\":\"2025-08-29T11:35:45+00:00\",\"mainEntityOfPage\":{\"@id\":\"https:\/\/revuedestemps.com\/index.php\/2025\/08\/06\/17-ans-apres-la-guerre-daout-en-georgie-la-lutte-continue\/\"},\"wordCount\":2007,\"commentCount\":0,\"publisher\":{\"@id\":\"https:\/\/revuedestemps.com\/#organization\"},\"image\":{\"@id\":\"https:\/\/revuedestemps.com\/index.php\/2025\/08\/06\/17-ans-apres-la-guerre-daout-en-georgie-la-lutte-continue\/#primaryimage\"},\"thumbnailUrl\":\"https:\/\/revuedestemps.com\/wp-content\/uploads\/2025\/08\/Copie-de-Copie-de-Octobre-2024_20250806_162910_0000.png\",\"keywords\":[\"Juillet-Ao\u00fbt 2025\"],\"articleSection\":[\"Histoire\",\"Politique\"],\"inLanguage\":\"fr-FR\",\"potentialAction\":[{\"@type\":\"CommentAction\",\"name\":\"Comment\",\"target\":[\"https:\/\/revuedestemps.com\/index.php\/2025\/08\/06\/17-ans-apres-la-guerre-daout-en-georgie-la-lutte-continue\/#respond\"]}]},{\"@type\":\"WebPage\",\"@id\":\"https:\/\/revuedestemps.com\/index.php\/2025\/08\/06\/17-ans-apres-la-guerre-daout-en-georgie-la-lutte-continue\/\",\"url\":\"https:\/\/revuedestemps.com\/index.php\/2025\/08\/06\/17-ans-apres-la-guerre-daout-en-georgie-la-lutte-continue\/\",\"name\":\"17 ans apr\u00e8s la guerre d'ao\u00fbt en G\u00e9orgie, la lutte continue - Revue des Temps\",\"isPartOf\":{\"@id\":\"https:\/\/revuedestemps.com\/#website\"},\"primaryImageOfPage\":{\"@id\":\"https:\/\/revuedestemps.com\/index.php\/2025\/08\/06\/17-ans-apres-la-guerre-daout-en-georgie-la-lutte-continue\/#primaryimage\"},\"image\":{\"@id\":\"https:\/\/revuedestemps.com\/index.php\/2025\/08\/06\/17-ans-apres-la-guerre-daout-en-georgie-la-lutte-continue\/#primaryimage\"},\"thumbnailUrl\":\"https:\/\/revuedestemps.com\/wp-content\/uploads\/2025\/08\/Copie-de-Copie-de-Octobre-2024_20250806_162910_0000.png\",\"datePublished\":\"2025-08-06T14:19:31+00:00\",\"dateModified\":\"2025-08-29T11:35:45+00:00\",\"breadcrumb\":{\"@id\":\"https:\/\/revuedestemps.com\/index.php\/2025\/08\/06\/17-ans-apres-la-guerre-daout-en-georgie-la-lutte-continue\/#breadcrumb\"},\"inLanguage\":\"fr-FR\",\"potentialAction\":[{\"@type\":\"ReadAction\",\"target\":[\"https:\/\/revuedestemps.com\/index.php\/2025\/08\/06\/17-ans-apres-la-guerre-daout-en-georgie-la-lutte-continue\/\"]}]},{\"@type\":\"ImageObject\",\"inLanguage\":\"fr-FR\",\"@id\":\"https:\/\/revuedestemps.com\/index.php\/2025\/08\/06\/17-ans-apres-la-guerre-daout-en-georgie-la-lutte-continue\/#primaryimage\",\"url\":\"https:\/\/revuedestemps.com\/wp-content\/uploads\/2025\/08\/Copie-de-Copie-de-Octobre-2024_20250806_162910_0000.png\",\"contentUrl\":\"https:\/\/revuedestemps.com\/wp-content\/uploads\/2025\/08\/Copie-de-Copie-de-Octobre-2024_20250806_162910_0000.png\",\"width\":2240,\"height\":1260},{\"@type\":\"BreadcrumbList\",\"@id\":\"https:\/\/revuedestemps.com\/index.php\/2025\/08\/06\/17-ans-apres-la-guerre-daout-en-georgie-la-lutte-continue\/#breadcrumb\",\"itemListElement\":[{\"@type\":\"ListItem\",\"position\":1,\"name\":\"Accueil\",\"item\":\"https:\/\/revuedestemps.com\/\"},{\"@type\":\"ListItem\",\"position\":2,\"name\":\"17 ans apr\u00e8s la guerre d&rsquo;ao\u00fbt en G\u00e9orgie, la lutte continue\"}]},{\"@type\":\"WebSite\",\"@id\":\"https:\/\/revuedestemps.com\/#website\",\"url\":\"https:\/\/revuedestemps.com\/\",\"name\":\"Revue des Temps\",\"description\":\"L&#039;actualit\u00e9 politique et culturelle sous tous les angles. Revue fond\u00e9e par Gaspard Rambel en novembre 2023.\",\"publisher\":{\"@id\":\"https:\/\/revuedestemps.com\/#organization\"},\"potentialAction\":[{\"@type\":\"SearchAction\",\"target\":{\"@type\":\"EntryPoint\",\"urlTemplate\":\"https:\/\/revuedestemps.com\/?s={search_term_string}\"},\"query-input\":{\"@type\":\"PropertyValueSpecification\",\"valueRequired\":true,\"valueName\":\"search_term_string\"}}],\"inLanguage\":\"fr-FR\"},{\"@type\":\"Organization\",\"@id\":\"https:\/\/revuedestemps.com\/#organization\",\"name\":\"Revue des Temps\",\"url\":\"https:\/\/revuedestemps.com\/\",\"logo\":{\"@type\":\"ImageObject\",\"inLanguage\":\"fr-FR\",\"@id\":\"https:\/\/revuedestemps.com\/#\/schema\/logo\/image\/\",\"url\":\"https:\/\/revuedestemps.com\/wp-content\/uploads\/2024\/03\/sticker-vintage-carte-map-monde-black-white-edited.jpg\",\"contentUrl\":\"https:\/\/revuedestemps.com\/wp-content\/uploads\/2024\/03\/sticker-vintage-carte-map-monde-black-white-edited.jpg\",\"width\":528,\"height\":528,\"caption\":\"Revue des Temps\"},\"image\":{\"@id\":\"https:\/\/revuedestemps.com\/#\/schema\/logo\/image\/\"}},{\"@type\":\"Person\",\"@id\":\"https:\/\/revuedestemps.com\/#\/schema\/person\/6812646a72d0bdab0ebafa6921a91165\",\"name\":\"Giorgi Germesashvili\",\"image\":{\"@type\":\"ImageObject\",\"inLanguage\":\"fr-FR\",\"@id\":\"https:\/\/revuedestemps.com\/#\/schema\/person\/image\/\",\"url\":\"https:\/\/secure.gravatar.com\/avatar\/0e7203f9f35dc762f617080befe8beb8995425bd1cf3282f07ff8422d74491f9?s=96&d=mm&r=g\",\"contentUrl\":\"https:\/\/secure.gravatar.com\/avatar\/0e7203f9f35dc762f617080befe8beb8995425bd1cf3282f07ff8422d74491f9?s=96&d=mm&r=g\",\"caption\":\"Giorgi Germesashvili\"},\"url\":\"https:\/\/revuedestemps.com\/index.php\/author\/giorgi-germesashvili\/\"}]}<\/script>\n<!-- \/ Yoast SEO plugin. -->","yoast_head_json":{"title":"17 ans apr\u00e8s la guerre d'ao\u00fbt en G\u00e9orgie, la lutte continue - Revue des Temps","robots":{"index":"index","follow":"follow","max-snippet":"max-snippet:-1","max-image-preview":"max-image-preview:large","max-video-preview":"max-video-preview:-1"},"canonical":"https:\/\/revuedestemps.com\/index.php\/2025\/08\/06\/17-ans-apres-la-guerre-daout-en-georgie-la-lutte-continue\/","og_locale":"fr_FR","og_type":"article","og_title":"17 ans apr\u00e8s la guerre d'ao\u00fbt en G\u00e9orgie, la lutte continue - Revue des Temps","og_description":"Cet article a \u00e9t\u00e9 \u00e9crit pour les lecteurs \u00e0 l&rsquo;occasion du tristement 17e anniversaire de la guerre d&rsquo;ao\u00fbt 2008, une guerre qui a non seulement chang\u00e9 le destin de la G\u00e9orgie, mais a aussi remodel\u00e9 la r\u00e9alit\u00e9 g\u00e9opolitique de l&rsquo;Europe. Elle a marqu\u00e9 l&rsquo;un des premiers tests de l&rsquo;ambition imp\u00e9riale russe au XXIe si\u00e8cle. C&rsquo;\u00e9tait [&hellip;]","og_url":"https:\/\/revuedestemps.com\/index.php\/2025\/08\/06\/17-ans-apres-la-guerre-daout-en-georgie-la-lutte-continue\/","og_site_name":"Revue des Temps","article_published_time":"2025-08-06T14:19:31+00:00","article_modified_time":"2025-08-29T11:35:45+00:00","og_image":[{"width":2240,"height":1260,"url":"http:\/\/revuedestemps.com\/wp-content\/uploads\/2025\/08\/Copie-de-Copie-de-Octobre-2024_20250806_162910_0000.png","type":"image\/png"}],"author":"Giorgi Germesashvili","twitter_card":"summary_large_image","twitter_misc":{"\u00c9crit par":"Giorgi Germesashvili","Dur\u00e9e de lecture estim\u00e9e":"10 minutes"},"schema":{"@context":"https:\/\/schema.org","@graph":[{"@type":"Article","@id":"https:\/\/revuedestemps.com\/index.php\/2025\/08\/06\/17-ans-apres-la-guerre-daout-en-georgie-la-lutte-continue\/#article","isPartOf":{"@id":"https:\/\/revuedestemps.com\/index.php\/2025\/08\/06\/17-ans-apres-la-guerre-daout-en-georgie-la-lutte-continue\/"},"author":{"name":"Giorgi Germesashvili","@id":"https:\/\/revuedestemps.com\/#\/schema\/person\/6812646a72d0bdab0ebafa6921a91165"},"headline":"17 ans apr\u00e8s la guerre d&rsquo;ao\u00fbt en G\u00e9orgie, la lutte continue","datePublished":"2025-08-06T14:19:31+00:00","dateModified":"2025-08-29T11:35:45+00:00","mainEntityOfPage":{"@id":"https:\/\/revuedestemps.com\/index.php\/2025\/08\/06\/17-ans-apres-la-guerre-daout-en-georgie-la-lutte-continue\/"},"wordCount":2007,"commentCount":0,"publisher":{"@id":"https:\/\/revuedestemps.com\/#organization"},"image":{"@id":"https:\/\/revuedestemps.com\/index.php\/2025\/08\/06\/17-ans-apres-la-guerre-daout-en-georgie-la-lutte-continue\/#primaryimage"},"thumbnailUrl":"https:\/\/revuedestemps.com\/wp-content\/uploads\/2025\/08\/Copie-de-Copie-de-Octobre-2024_20250806_162910_0000.png","keywords":["Juillet-Ao\u00fbt 2025"],"articleSection":["Histoire","Politique"],"inLanguage":"fr-FR","potentialAction":[{"@type":"CommentAction","name":"Comment","target":["https:\/\/revuedestemps.com\/index.php\/2025\/08\/06\/17-ans-apres-la-guerre-daout-en-georgie-la-lutte-continue\/#respond"]}]},{"@type":"WebPage","@id":"https:\/\/revuedestemps.com\/index.php\/2025\/08\/06\/17-ans-apres-la-guerre-daout-en-georgie-la-lutte-continue\/","url":"https:\/\/revuedestemps.com\/index.php\/2025\/08\/06\/17-ans-apres-la-guerre-daout-en-georgie-la-lutte-continue\/","name":"17 ans apr\u00e8s la guerre d'ao\u00fbt en G\u00e9orgie, la lutte continue - Revue des Temps","isPartOf":{"@id":"https:\/\/revuedestemps.com\/#website"},"primaryImageOfPage":{"@id":"https:\/\/revuedestemps.com\/index.php\/2025\/08\/06\/17-ans-apres-la-guerre-daout-en-georgie-la-lutte-continue\/#primaryimage"},"image":{"@id":"https:\/\/revuedestemps.com\/index.php\/2025\/08\/06\/17-ans-apres-la-guerre-daout-en-georgie-la-lutte-continue\/#primaryimage"},"thumbnailUrl":"https:\/\/revuedestemps.com\/wp-content\/uploads\/2025\/08\/Copie-de-Copie-de-Octobre-2024_20250806_162910_0000.png","datePublished":"2025-08-06T14:19:31+00:00","dateModified":"2025-08-29T11:35:45+00:00","breadcrumb":{"@id":"https:\/\/revuedestemps.com\/index.php\/2025\/08\/06\/17-ans-apres-la-guerre-daout-en-georgie-la-lutte-continue\/#breadcrumb"},"inLanguage":"fr-FR","potentialAction":[{"@type":"ReadAction","target":["https:\/\/revuedestemps.com\/index.php\/2025\/08\/06\/17-ans-apres-la-guerre-daout-en-georgie-la-lutte-continue\/"]}]},{"@type":"ImageObject","inLanguage":"fr-FR","@id":"https:\/\/revuedestemps.com\/index.php\/2025\/08\/06\/17-ans-apres-la-guerre-daout-en-georgie-la-lutte-continue\/#primaryimage","url":"https:\/\/revuedestemps.com\/wp-content\/uploads\/2025\/08\/Copie-de-Copie-de-Octobre-2024_20250806_162910_0000.png","contentUrl":"https:\/\/revuedestemps.com\/wp-content\/uploads\/2025\/08\/Copie-de-Copie-de-Octobre-2024_20250806_162910_0000.png","width":2240,"height":1260},{"@type":"BreadcrumbList","@id":"https:\/\/revuedestemps.com\/index.php\/2025\/08\/06\/17-ans-apres-la-guerre-daout-en-georgie-la-lutte-continue\/#breadcrumb","itemListElement":[{"@type":"ListItem","position":1,"name":"Accueil","item":"https:\/\/revuedestemps.com\/"},{"@type":"ListItem","position":2,"name":"17 ans apr\u00e8s la guerre d&rsquo;ao\u00fbt en G\u00e9orgie, la lutte continue"}]},{"@type":"WebSite","@id":"https:\/\/revuedestemps.com\/#website","url":"https:\/\/revuedestemps.com\/","name":"Revue des Temps","description":"L&#039;actualit\u00e9 politique et culturelle sous tous les angles. Revue fond\u00e9e par Gaspard Rambel en novembre 2023.","publisher":{"@id":"https:\/\/revuedestemps.com\/#organization"},"potentialAction":[{"@type":"SearchAction","target":{"@type":"EntryPoint","urlTemplate":"https:\/\/revuedestemps.com\/?s={search_term_string}"},"query-input":{"@type":"PropertyValueSpecification","valueRequired":true,"valueName":"search_term_string"}}],"inLanguage":"fr-FR"},{"@type":"Organization","@id":"https:\/\/revuedestemps.com\/#organization","name":"Revue des Temps","url":"https:\/\/revuedestemps.com\/","logo":{"@type":"ImageObject","inLanguage":"fr-FR","@id":"https:\/\/revuedestemps.com\/#\/schema\/logo\/image\/","url":"https:\/\/revuedestemps.com\/wp-content\/uploads\/2024\/03\/sticker-vintage-carte-map-monde-black-white-edited.jpg","contentUrl":"https:\/\/revuedestemps.com\/wp-content\/uploads\/2024\/03\/sticker-vintage-carte-map-monde-black-white-edited.jpg","width":528,"height":528,"caption":"Revue des Temps"},"image":{"@id":"https:\/\/revuedestemps.com\/#\/schema\/logo\/image\/"}},{"@type":"Person","@id":"https:\/\/revuedestemps.com\/#\/schema\/person\/6812646a72d0bdab0ebafa6921a91165","name":"Giorgi Germesashvili","image":{"@type":"ImageObject","inLanguage":"fr-FR","@id":"https:\/\/revuedestemps.com\/#\/schema\/person\/image\/","url":"https:\/\/secure.gravatar.com\/avatar\/0e7203f9f35dc762f617080befe8beb8995425bd1cf3282f07ff8422d74491f9?s=96&d=mm&r=g","contentUrl":"https:\/\/secure.gravatar.com\/avatar\/0e7203f9f35dc762f617080befe8beb8995425bd1cf3282f07ff8422d74491f9?s=96&d=mm&r=g","caption":"Giorgi Germesashvili"},"url":"https:\/\/revuedestemps.com\/index.php\/author\/giorgi-germesashvili\/"}]}},"_links":{"self":[{"href":"https:\/\/revuedestemps.com\/index.php\/wp-json\/wp\/v2\/posts\/3852","targetHints":{"allow":["GET"]}}],"collection":[{"href":"https:\/\/revuedestemps.com\/index.php\/wp-json\/wp\/v2\/posts"}],"about":[{"href":"https:\/\/revuedestemps.com\/index.php\/wp-json\/wp\/v2\/types\/post"}],"author":[{"embeddable":true,"href":"https:\/\/revuedestemps.com\/index.php\/wp-json\/wp\/v2\/users\/18"}],"replies":[{"embeddable":true,"href":"https:\/\/revuedestemps.com\/index.php\/wp-json\/wp\/v2\/comments?post=3852"}],"version-history":[{"count":8,"href":"https:\/\/revuedestemps.com\/index.php\/wp-json\/wp\/v2\/posts\/3852\/revisions"}],"predecessor-version":[{"id":3877,"href":"https:\/\/revuedestemps.com\/index.php\/wp-json\/wp\/v2\/posts\/3852\/revisions\/3877"}],"wp:featuredmedia":[{"embeddable":true,"href":"https:\/\/revuedestemps.com\/index.php\/wp-json\/wp\/v2\/media\/3861"}],"wp:attachment":[{"href":"https:\/\/revuedestemps.com\/index.php\/wp-json\/wp\/v2\/media?parent=3852"}],"wp:term":[{"taxonomy":"category","embeddable":true,"href":"https:\/\/revuedestemps.com\/index.php\/wp-json\/wp\/v2\/categories?post=3852"},{"taxonomy":"post_tag","embeddable":true,"href":"https:\/\/revuedestemps.com\/index.php\/wp-json\/wp\/v2\/tags?post=3852"}],"curies":[{"name":"wp","href":"https:\/\/api.w.org\/{rel}","templated":true}]}}