{"id":4218,"date":"2025-10-06T20:28:29","date_gmt":"2025-10-06T18:28:29","guid":{"rendered":"https:\/\/revuedestemps.com\/?p=4218"},"modified":"2025-10-25T14:50:05","modified_gmt":"2025-10-25T12:50:05","slug":"recital-de-poemes-a-trois-voix-ukraine-la-poesie-en-guerre","status":"publish","type":"post","link":"https:\/\/revuedestemps.com\/index.php\/2025\/10\/06\/recital-de-poemes-a-trois-voix-ukraine-la-poesie-en-guerre\/","title":{"rendered":"R\u00e9cital de po\u00e8mes \u00e0 trois voix : \u00ab\u00a0Ukraine, la po\u00e9sie en guerre.\u00a0\u00bb"},"content":{"rendered":"<h3>\u00a0<\/h3>\n\n\n<p><\/p>\n\n\n<h3 style=\"text-align: left;\"><em>\u0423\u043a\u0440\u0430\u0457\u043d\u0430, <\/em><em>\u041f\u043e\u0435\u0437\u0456\u044f \u0432\u0456\u0439\u043d\u0438.<\/em><\/h3>\n<h3><em>Ukraine, <\/em><em>La po\u00e9sie en guerre, <\/em>avec Oksana Chilikina, Emmanuelle Tr\u00e9gnier, Denis Wetterwald.<\/h3>\n<h3>Lecture \u00e0 trois voix de po\u00e8mes \u00e9crits pendant les premi\u00e8res semaines de guerre par des soldats, des b\u00e9n\u00e9voles, des volontaires entre le 24 f\u00e9vrier 2022 (jour de l\u2019invasion) et fin juillet, publi\u00e9s \u00e0 Lviv au d\u00e9but de l&rsquo;ann\u00e9e 2025.<\/h3>\n<h3>Cette lecture se fera dans les deux langues \u00e0 travers des po\u00e8mes exprimant la col\u00e8re ainsi que la nostalgie d&rsquo;o\u00f9 jaillit le n\u00e9cessaire pendant paradoxal aux sentiments pr\u00e9cit\u00e9s : l\u2019espoir. Toujours avec la certitude que l\u2019Ukraine vaincra.<\/h3>\n<h3>Biographie des intervenants :<\/h3>\n<h3><em>Emmanuelle Tr\u00e9gnier<\/em> : Com\u00e9dienne, elle affiche 35 ans de m\u00e9tier, une cinquantaine de cr\u00e9ations au compteur. Elle sera pr\u00e9sente le 11 octobre au Jardin des Envies.<\/h3>\n<h3><em>Denis Wetterwald<\/em> : Auteur, com\u00e9dien a \u00e9t\u00e9 deux fois en r\u00e9sidence \u00e0 la Maison Internationale des \u00e9crivains et traducteurs de Ventspils (Lettonie). Lors de ces deux s\u00e9jours, il a d\u00e9couvert la litt\u00e9rature lettone et en particulier la po\u00e9sie \u00e0 travers des auteurs qu&rsquo;il a rencontr\u00e9s (Janis Rokpelnis) ou des lectures. Depuis, il s&rsquo;attache \u00e0 faire conna\u00eetre la po\u00e9sie lettone en collaboration avec Anita Klavins. Il a publi\u00e9 quatre recueils de po\u00e9sie dont un a \u00e9t\u00e9 traduit en letton par Gita Grinberga et publi\u00e9 \u00e0 Riga chez Mansards, des essais sur des \u00e9crivains fran\u00e7ais et des textes de th\u00e9\u00e2tre. Il collabore r\u00e9guli\u00e8rement \u00e0 la revue internationale <em>L&rsquo;Atelier du Roman<\/em>. Il sera pr\u00e9sent le 11 octobre au Jardin des Envies.<\/h3>\n<h3><em>Oksana Chilikina<\/em> : N\u00e9e en Ukraine \u00e0 Zaporijia, elle a \u00e9tudi\u00e9 dans une \u00e9cole d\u2019art priv\u00e9e et a suivi des cours de peinture aupr\u00e8s de Lilia Berezhnenko et Anton Sheretov. Par la suite, elle cr\u00e9e son propre studio de cr\u00e9ation pour enfants et adultes. Elle a r\u00e9alis\u00e9 un grand nombre d\u2019expositions et divers projets cr\u00e9atifs, notamment des conf\u00e9rences sur l\u2019art.<\/h3>\n<h3>Elle a \u00e9galement travaill\u00e9 au d\u00e9partement de la culture de la ville de Zaporijia.<\/h3>\n<h3>Oksana a toujours eu l\u2019habitude d\u2019arpenter les sentiers fran\u00e7ais ou de son Ukraine natale : <em>\u00ab J\u2019ai toujours beaucoup march\u00e9, d\u2019abord pour aller \u00e0 l\u2019\u00e9cole, puis pour aller au travail. Vous marchez, sur votre chemin vous rencontrez des gens, parfois des corbeaux, des meutes de chiens, des loups, plein de choses, vous choisissez o\u00f9 tourner, \u00e0 droite ou \u00e0 gauche, puis vous arrivez \u00e0 un point, selon votre choix\u2026 \u00bb<\/em><\/h3>\n<h3>Durant ses p\u00e9r\u00e9grinations en Ukraine, \u00e0 Zaporijia plus pr\u00e9cis\u00e9ment, elle a pu \u00e9tudier dans une \u00e9cole d\u2019art priv\u00e9e pendant plusieurs ann\u00e9es avant de monter son propre studio. Son dernier lieu de travail \u00e9tait le d\u00e9partement de la culture de Zaporijia avant son d\u00e9part en 2022, \u00e0 la suite de l\u2019invasion Russe.<\/h3>\n<h3>Outre la promotion de ses propres \u0153uvres, Oksana a donn\u00e9 de nombreuses conf\u00e9rences sur l\u2019art et a aussi organis\u00e9 des expositions d\u2019artistes ukrainiens \u00e0 Zaporijia, tous venant d\u2019horizons diff\u00e9rents. Elle sera pr\u00e9sente le 11 octobre au Jardin des Envies.<\/h3>\n<h3><em>\u201cCes po\u00e8mes sont d\u2019une grande \u00e9motion. <\/em><em>Je ne pensais pas qu\u2019ils me toucheraient autant, et c&rsquo;est ce qui m\u2019a donn\u00e9 envie de partager cette soir\u00e9e po\u00e9tique, aussi pour mes concitoyens rest\u00e9s se battre en Ukraine, ou qui vivent les bombardements et les alertes au quotidien.<\/em>\u201d Oksana Chilikina.<\/h3>\n<p><img loading=\"lazy\" decoding=\"async\" width=\"764\" height=\"1073\" class=\"wp-image-4237\" src=\"http:\/\/revuedestemps.com\/wp-content\/uploads\/2025\/10\/word-image-4218-1-1.jpeg\" srcset=\"https:\/\/revuedestemps.com\/wp-content\/uploads\/2025\/10\/word-image-4218-1-1.jpeg 764w, https:\/\/revuedestemps.com\/wp-content\/uploads\/2025\/10\/word-image-4218-1-1-214x300.jpeg 214w, https:\/\/revuedestemps.com\/wp-content\/uploads\/2025\/10\/word-image-4218-1-1-729x1024.jpeg 729w\" sizes=\"auto, (max-width: 764px) 100vw, 764px\" \/><\/p>\n<h3>Le livre <em>Po\u00e9sie en guerre<\/em> non distribu\u00e9 en France sera en vente en fin de spectacle.<\/h3>\n<p><a href=\"https:\/\/revuedestemps.com\/index.php\/2025\/10\/06\/recital-de-poemes-a-trois-voix-ukraine-la-poesie-en-guerre\/img_0035\/\" rel=\"attachment wp-att-4243\"><img loading=\"lazy\" decoding=\"async\" class=\"alignnone size-medium wp-image-4243 aligncenter\" src=\"http:\/\/revuedestemps.com\/wp-content\/uploads\/2025\/10\/IMG_0035-169x300.jpg\" alt=\"\" width=\"169\" height=\"300\" srcset=\"https:\/\/revuedestemps.com\/wp-content\/uploads\/2025\/10\/IMG_0035-169x300.jpg 169w, https:\/\/revuedestemps.com\/wp-content\/uploads\/2025\/10\/IMG_0035-575x1024.jpg 575w, https:\/\/revuedestemps.com\/wp-content\/uploads\/2025\/10\/IMG_0035-768x1367.jpg 768w, https:\/\/revuedestemps.com\/wp-content\/uploads\/2025\/10\/IMG_0035-863x1536.jpg 863w, https:\/\/revuedestemps.com\/wp-content\/uploads\/2025\/10\/IMG_0035-1151x2048.jpg 1151w, https:\/\/revuedestemps.com\/wp-content\/uploads\/2025\/10\/IMG_0035-scaled.jpg 1439w\" sizes=\"auto, (max-width: 169px) 100vw, 169px\" \/><\/a><\/p>\n<h3>Entr\u00e9e 10 \u20ac, samedi 11 octobre \u00e0 19 h,(recette revers\u00e9e aux associations s\u2019occupant des r\u00e9fugi\u00e9s ukrainiens).<\/h3>\n<h3>R\u00e9servation obligatoire au 02 47 95 99 52.<\/h3>\n<h3>Jardin des Envies, 26, route de Compostelle CANDES-SAINT-MARTIN.<\/h3>\n<h3>\u00a9\ufe0fOksana Chilikina<\/h3>\n\n\n<p><\/p>\n","protected":false},"excerpt":{"rendered":"<p>\u00a0 \u0423\u043a\u0440\u0430\u0457\u043d\u0430, \u041f\u043e\u0435\u0437\u0456\u044f \u0432\u0456\u0439\u043d\u0438. Ukraine, La po\u00e9sie en guerre, avec Oksana Chilikina, Emmanuelle Tr\u00e9gnier, Denis Wetterwald. Lecture \u00e0 trois voix de po\u00e8mes \u00e9crits pendant les premi\u00e8res semaines de guerre par des soldats, des b\u00e9n\u00e9voles, des volontaires entre le 24 f\u00e9vrier 2022 (jour de l\u2019invasion) et fin juillet, publi\u00e9s \u00e0 Lviv au d\u00e9but de l&rsquo;ann\u00e9e 2025. [&hellip;]<\/p>\n","protected":false},"author":5,"featured_media":4228,"comment_status":"open","ping_status":"open","sticky":false,"template":"","format":"standard","meta":{"footnotes":""},"categories":[28,13,25],"tags":[49],"class_list":["post-4218","post","type-post","status-publish","format-standard","has-post-thumbnail","hentry","category-art","category-inventions","category-evenement-culturel","tag-octobre"],"yoast_head":"<!-- This site is optimized with the Yoast SEO plugin v26.1.1 - https:\/\/yoast.com\/wordpress\/plugins\/seo\/ -->\n<title>R\u00e9cital de po\u00e8mes \u00e0 trois voix : &quot;Ukraine, la po\u00e9sie en guerre.&quot; - Revue des Temps<\/title>\n<meta name=\"robots\" content=\"index, follow, max-snippet:-1, max-image-preview:large, max-video-preview:-1\" \/>\n<link rel=\"canonical\" href=\"https:\/\/revuedestemps.com\/index.php\/2025\/10\/06\/recital-de-poemes-a-trois-voix-ukraine-la-poesie-en-guerre\/\" \/>\n<meta property=\"og:locale\" content=\"fr_FR\" \/>\n<meta property=\"og:type\" content=\"article\" \/>\n<meta property=\"og:title\" content=\"R\u00e9cital de po\u00e8mes \u00e0 trois voix : &quot;Ukraine, la po\u00e9sie en guerre.&quot; - Revue des Temps\" \/>\n<meta property=\"og:description\" content=\"\u00a0 \u0423\u043a\u0440\u0430\u0457\u043d\u0430, \u041f\u043e\u0435\u0437\u0456\u044f \u0432\u0456\u0439\u043d\u0438. Ukraine, La po\u00e9sie en guerre, avec Oksana Chilikina, Emmanuelle Tr\u00e9gnier, Denis Wetterwald. Lecture \u00e0 trois voix de po\u00e8mes \u00e9crits pendant les premi\u00e8res semaines de guerre par des soldats, des b\u00e9n\u00e9voles, des volontaires entre le 24 f\u00e9vrier 2022 (jour de l\u2019invasion) et fin juillet, publi\u00e9s \u00e0 Lviv au d\u00e9but de l&rsquo;ann\u00e9e 2025. [&hellip;]\" \/>\n<meta property=\"og:url\" content=\"https:\/\/revuedestemps.com\/index.php\/2025\/10\/06\/recital-de-poemes-a-trois-voix-ukraine-la-poesie-en-guerre\/\" \/>\n<meta property=\"og:site_name\" content=\"Revue des Temps\" \/>\n<meta property=\"article:published_time\" content=\"2025-10-06T18:28:29+00:00\" \/>\n<meta property=\"article:modified_time\" content=\"2025-10-25T12:50:05+00:00\" \/>\n<meta property=\"og:image\" content=\"http:\/\/revuedestemps.com\/wp-content\/uploads\/2025\/10\/IMG-20251006-WA0006.jpg\" \/>\n\t<meta property=\"og:image:width\" content=\"1600\" \/>\n\t<meta property=\"og:image:height\" content=\"900\" \/>\n\t<meta property=\"og:image:type\" content=\"image\/jpeg\" \/>\n<meta name=\"author\" content=\"Oksana Chilikina\" \/>\n<meta name=\"twitter:card\" content=\"summary_large_image\" \/>\n<meta name=\"twitter:label1\" content=\"\u00c9crit par\" \/>\n\t<meta name=\"twitter:data1\" content=\"Oksana Chilikina\" \/>\n\t<meta name=\"twitter:label2\" content=\"Dur\u00e9e de lecture estim\u00e9e\" \/>\n\t<meta name=\"twitter:data2\" content=\"3 minutes\" \/>\n<script type=\"application\/ld+json\" class=\"yoast-schema-graph\">{\"@context\":\"https:\/\/schema.org\",\"@graph\":[{\"@type\":\"Article\",\"@id\":\"https:\/\/revuedestemps.com\/index.php\/2025\/10\/06\/recital-de-poemes-a-trois-voix-ukraine-la-poesie-en-guerre\/#article\",\"isPartOf\":{\"@id\":\"https:\/\/revuedestemps.com\/index.php\/2025\/10\/06\/recital-de-poemes-a-trois-voix-ukraine-la-poesie-en-guerre\/\"},\"author\":{\"name\":\"Oksana Chilikina\",\"@id\":\"https:\/\/revuedestemps.com\/#\/schema\/person\/5136baabdd4a86593120d3793e4db32a\"},\"headline\":\"R\u00e9cital de po\u00e8mes \u00e0 trois voix : \u00ab\u00a0Ukraine, la po\u00e9sie en guerre.\u00a0\u00bb\",\"datePublished\":\"2025-10-06T18:28:29+00:00\",\"dateModified\":\"2025-10-25T12:50:05+00:00\",\"mainEntityOfPage\":{\"@id\":\"https:\/\/revuedestemps.com\/index.php\/2025\/10\/06\/recital-de-poemes-a-trois-voix-ukraine-la-poesie-en-guerre\/\"},\"wordCount\":627,\"commentCount\":0,\"publisher\":{\"@id\":\"https:\/\/revuedestemps.com\/#organization\"},\"image\":{\"@id\":\"https:\/\/revuedestemps.com\/index.php\/2025\/10\/06\/recital-de-poemes-a-trois-voix-ukraine-la-poesie-en-guerre\/#primaryimage\"},\"thumbnailUrl\":\"https:\/\/revuedestemps.com\/wp-content\/uploads\/2025\/10\/IMG-20251006-WA0006.jpg\",\"keywords\":[\"Octobre\"],\"articleSection\":[\"Art\",\"Art \/ Inventions\",\"\u00c9v\u00e9nements\"],\"inLanguage\":\"fr-FR\",\"potentialAction\":[{\"@type\":\"CommentAction\",\"name\":\"Comment\",\"target\":[\"https:\/\/revuedestemps.com\/index.php\/2025\/10\/06\/recital-de-poemes-a-trois-voix-ukraine-la-poesie-en-guerre\/#respond\"]}]},{\"@type\":\"WebPage\",\"@id\":\"https:\/\/revuedestemps.com\/index.php\/2025\/10\/06\/recital-de-poemes-a-trois-voix-ukraine-la-poesie-en-guerre\/\",\"url\":\"https:\/\/revuedestemps.com\/index.php\/2025\/10\/06\/recital-de-poemes-a-trois-voix-ukraine-la-poesie-en-guerre\/\",\"name\":\"R\u00e9cital de po\u00e8mes \u00e0 trois voix : \\\"Ukraine, la po\u00e9sie en guerre.\\\" - Revue des Temps\",\"isPartOf\":{\"@id\":\"https:\/\/revuedestemps.com\/#website\"},\"primaryImageOfPage\":{\"@id\":\"https:\/\/revuedestemps.com\/index.php\/2025\/10\/06\/recital-de-poemes-a-trois-voix-ukraine-la-poesie-en-guerre\/#primaryimage\"},\"image\":{\"@id\":\"https:\/\/revuedestemps.com\/index.php\/2025\/10\/06\/recital-de-poemes-a-trois-voix-ukraine-la-poesie-en-guerre\/#primaryimage\"},\"thumbnailUrl\":\"https:\/\/revuedestemps.com\/wp-content\/uploads\/2025\/10\/IMG-20251006-WA0006.jpg\",\"datePublished\":\"2025-10-06T18:28:29+00:00\",\"dateModified\":\"2025-10-25T12:50:05+00:00\",\"breadcrumb\":{\"@id\":\"https:\/\/revuedestemps.com\/index.php\/2025\/10\/06\/recital-de-poemes-a-trois-voix-ukraine-la-poesie-en-guerre\/#breadcrumb\"},\"inLanguage\":\"fr-FR\",\"potentialAction\":[{\"@type\":\"ReadAction\",\"target\":[\"https:\/\/revuedestemps.com\/index.php\/2025\/10\/06\/recital-de-poemes-a-trois-voix-ukraine-la-poesie-en-guerre\/\"]}]},{\"@type\":\"ImageObject\",\"inLanguage\":\"fr-FR\",\"@id\":\"https:\/\/revuedestemps.com\/index.php\/2025\/10\/06\/recital-de-poemes-a-trois-voix-ukraine-la-poesie-en-guerre\/#primaryimage\",\"url\":\"https:\/\/revuedestemps.com\/wp-content\/uploads\/2025\/10\/IMG-20251006-WA0006.jpg\",\"contentUrl\":\"https:\/\/revuedestemps.com\/wp-content\/uploads\/2025\/10\/IMG-20251006-WA0006.jpg\",\"width\":1600,\"height\":900},{\"@type\":\"BreadcrumbList\",\"@id\":\"https:\/\/revuedestemps.com\/index.php\/2025\/10\/06\/recital-de-poemes-a-trois-voix-ukraine-la-poesie-en-guerre\/#breadcrumb\",\"itemListElement\":[{\"@type\":\"ListItem\",\"position\":1,\"name\":\"Accueil\",\"item\":\"https:\/\/revuedestemps.com\/\"},{\"@type\":\"ListItem\",\"position\":2,\"name\":\"R\u00e9cital de po\u00e8mes \u00e0 trois voix : \u00ab\u00a0Ukraine, la po\u00e9sie en guerre.\u00a0\u00bb\"}]},{\"@type\":\"WebSite\",\"@id\":\"https:\/\/revuedestemps.com\/#website\",\"url\":\"https:\/\/revuedestemps.com\/\",\"name\":\"Revue des Temps\",\"description\":\"L&#039;actualit\u00e9 politique et culturelle sous tous les angles. Revue fond\u00e9e par Gaspard Rambel en novembre 2023.\",\"publisher\":{\"@id\":\"https:\/\/revuedestemps.com\/#organization\"},\"potentialAction\":[{\"@type\":\"SearchAction\",\"target\":{\"@type\":\"EntryPoint\",\"urlTemplate\":\"https:\/\/revuedestemps.com\/?s={search_term_string}\"},\"query-input\":{\"@type\":\"PropertyValueSpecification\",\"valueRequired\":true,\"valueName\":\"search_term_string\"}}],\"inLanguage\":\"fr-FR\"},{\"@type\":\"Organization\",\"@id\":\"https:\/\/revuedestemps.com\/#organization\",\"name\":\"Revue des Temps\",\"url\":\"https:\/\/revuedestemps.com\/\",\"logo\":{\"@type\":\"ImageObject\",\"inLanguage\":\"fr-FR\",\"@id\":\"https:\/\/revuedestemps.com\/#\/schema\/logo\/image\/\",\"url\":\"https:\/\/revuedestemps.com\/wp-content\/uploads\/2024\/03\/sticker-vintage-carte-map-monde-black-white-edited.jpg\",\"contentUrl\":\"https:\/\/revuedestemps.com\/wp-content\/uploads\/2024\/03\/sticker-vintage-carte-map-monde-black-white-edited.jpg\",\"width\":528,\"height\":528,\"caption\":\"Revue des Temps\"},\"image\":{\"@id\":\"https:\/\/revuedestemps.com\/#\/schema\/logo\/image\/\"}},{\"@type\":\"Person\",\"@id\":\"https:\/\/revuedestemps.com\/#\/schema\/person\/5136baabdd4a86593120d3793e4db32a\",\"name\":\"Oksana Chilikina\",\"image\":{\"@type\":\"ImageObject\",\"inLanguage\":\"fr-FR\",\"@id\":\"https:\/\/revuedestemps.com\/#\/schema\/person\/image\/\",\"url\":\"https:\/\/secure.gravatar.com\/avatar\/2bb70344d916a29f9622f9ddfca9701e14dcbcfbff7848ca0f9726bfc0920307?s=96&d=mm&r=g\",\"contentUrl\":\"https:\/\/secure.gravatar.com\/avatar\/2bb70344d916a29f9622f9ddfca9701e14dcbcfbff7848ca0f9726bfc0920307?s=96&d=mm&r=g\",\"caption\":\"Oksana Chilikina\"},\"url\":\"https:\/\/revuedestemps.com\/index.php\/author\/oksana-chilikina\/\"}]}<\/script>\n<!-- \/ Yoast SEO plugin. -->","yoast_head_json":{"title":"R\u00e9cital de po\u00e8mes \u00e0 trois voix : \"Ukraine, la po\u00e9sie en guerre.\" - Revue des Temps","robots":{"index":"index","follow":"follow","max-snippet":"max-snippet:-1","max-image-preview":"max-image-preview:large","max-video-preview":"max-video-preview:-1"},"canonical":"https:\/\/revuedestemps.com\/index.php\/2025\/10\/06\/recital-de-poemes-a-trois-voix-ukraine-la-poesie-en-guerre\/","og_locale":"fr_FR","og_type":"article","og_title":"R\u00e9cital de po\u00e8mes \u00e0 trois voix : \"Ukraine, la po\u00e9sie en guerre.\" - Revue des Temps","og_description":"\u00a0 \u0423\u043a\u0440\u0430\u0457\u043d\u0430, \u041f\u043e\u0435\u0437\u0456\u044f \u0432\u0456\u0439\u043d\u0438. Ukraine, La po\u00e9sie en guerre, avec Oksana Chilikina, Emmanuelle Tr\u00e9gnier, Denis Wetterwald. Lecture \u00e0 trois voix de po\u00e8mes \u00e9crits pendant les premi\u00e8res semaines de guerre par des soldats, des b\u00e9n\u00e9voles, des volontaires entre le 24 f\u00e9vrier 2022 (jour de l\u2019invasion) et fin juillet, publi\u00e9s \u00e0 Lviv au d\u00e9but de l&rsquo;ann\u00e9e 2025. [&hellip;]","og_url":"https:\/\/revuedestemps.com\/index.php\/2025\/10\/06\/recital-de-poemes-a-trois-voix-ukraine-la-poesie-en-guerre\/","og_site_name":"Revue des Temps","article_published_time":"2025-10-06T18:28:29+00:00","article_modified_time":"2025-10-25T12:50:05+00:00","og_image":[{"width":1600,"height":900,"url":"http:\/\/revuedestemps.com\/wp-content\/uploads\/2025\/10\/IMG-20251006-WA0006.jpg","type":"image\/jpeg"}],"author":"Oksana Chilikina","twitter_card":"summary_large_image","twitter_misc":{"\u00c9crit par":"Oksana Chilikina","Dur\u00e9e de lecture estim\u00e9e":"3 minutes"},"schema":{"@context":"https:\/\/schema.org","@graph":[{"@type":"Article","@id":"https:\/\/revuedestemps.com\/index.php\/2025\/10\/06\/recital-de-poemes-a-trois-voix-ukraine-la-poesie-en-guerre\/#article","isPartOf":{"@id":"https:\/\/revuedestemps.com\/index.php\/2025\/10\/06\/recital-de-poemes-a-trois-voix-ukraine-la-poesie-en-guerre\/"},"author":{"name":"Oksana Chilikina","@id":"https:\/\/revuedestemps.com\/#\/schema\/person\/5136baabdd4a86593120d3793e4db32a"},"headline":"R\u00e9cital de po\u00e8mes \u00e0 trois voix : \u00ab\u00a0Ukraine, la po\u00e9sie en guerre.\u00a0\u00bb","datePublished":"2025-10-06T18:28:29+00:00","dateModified":"2025-10-25T12:50:05+00:00","mainEntityOfPage":{"@id":"https:\/\/revuedestemps.com\/index.php\/2025\/10\/06\/recital-de-poemes-a-trois-voix-ukraine-la-poesie-en-guerre\/"},"wordCount":627,"commentCount":0,"publisher":{"@id":"https:\/\/revuedestemps.com\/#organization"},"image":{"@id":"https:\/\/revuedestemps.com\/index.php\/2025\/10\/06\/recital-de-poemes-a-trois-voix-ukraine-la-poesie-en-guerre\/#primaryimage"},"thumbnailUrl":"https:\/\/revuedestemps.com\/wp-content\/uploads\/2025\/10\/IMG-20251006-WA0006.jpg","keywords":["Octobre"],"articleSection":["Art","Art \/ Inventions","\u00c9v\u00e9nements"],"inLanguage":"fr-FR","potentialAction":[{"@type":"CommentAction","name":"Comment","target":["https:\/\/revuedestemps.com\/index.php\/2025\/10\/06\/recital-de-poemes-a-trois-voix-ukraine-la-poesie-en-guerre\/#respond"]}]},{"@type":"WebPage","@id":"https:\/\/revuedestemps.com\/index.php\/2025\/10\/06\/recital-de-poemes-a-trois-voix-ukraine-la-poesie-en-guerre\/","url":"https:\/\/revuedestemps.com\/index.php\/2025\/10\/06\/recital-de-poemes-a-trois-voix-ukraine-la-poesie-en-guerre\/","name":"R\u00e9cital de po\u00e8mes \u00e0 trois voix : \"Ukraine, la po\u00e9sie en guerre.\" - Revue des Temps","isPartOf":{"@id":"https:\/\/revuedestemps.com\/#website"},"primaryImageOfPage":{"@id":"https:\/\/revuedestemps.com\/index.php\/2025\/10\/06\/recital-de-poemes-a-trois-voix-ukraine-la-poesie-en-guerre\/#primaryimage"},"image":{"@id":"https:\/\/revuedestemps.com\/index.php\/2025\/10\/06\/recital-de-poemes-a-trois-voix-ukraine-la-poesie-en-guerre\/#primaryimage"},"thumbnailUrl":"https:\/\/revuedestemps.com\/wp-content\/uploads\/2025\/10\/IMG-20251006-WA0006.jpg","datePublished":"2025-10-06T18:28:29+00:00","dateModified":"2025-10-25T12:50:05+00:00","breadcrumb":{"@id":"https:\/\/revuedestemps.com\/index.php\/2025\/10\/06\/recital-de-poemes-a-trois-voix-ukraine-la-poesie-en-guerre\/#breadcrumb"},"inLanguage":"fr-FR","potentialAction":[{"@type":"ReadAction","target":["https:\/\/revuedestemps.com\/index.php\/2025\/10\/06\/recital-de-poemes-a-trois-voix-ukraine-la-poesie-en-guerre\/"]}]},{"@type":"ImageObject","inLanguage":"fr-FR","@id":"https:\/\/revuedestemps.com\/index.php\/2025\/10\/06\/recital-de-poemes-a-trois-voix-ukraine-la-poesie-en-guerre\/#primaryimage","url":"https:\/\/revuedestemps.com\/wp-content\/uploads\/2025\/10\/IMG-20251006-WA0006.jpg","contentUrl":"https:\/\/revuedestemps.com\/wp-content\/uploads\/2025\/10\/IMG-20251006-WA0006.jpg","width":1600,"height":900},{"@type":"BreadcrumbList","@id":"https:\/\/revuedestemps.com\/index.php\/2025\/10\/06\/recital-de-poemes-a-trois-voix-ukraine-la-poesie-en-guerre\/#breadcrumb","itemListElement":[{"@type":"ListItem","position":1,"name":"Accueil","item":"https:\/\/revuedestemps.com\/"},{"@type":"ListItem","position":2,"name":"R\u00e9cital de po\u00e8mes \u00e0 trois voix : \u00ab\u00a0Ukraine, la po\u00e9sie en guerre.\u00a0\u00bb"}]},{"@type":"WebSite","@id":"https:\/\/revuedestemps.com\/#website","url":"https:\/\/revuedestemps.com\/","name":"Revue des Temps","description":"L&#039;actualit\u00e9 politique et culturelle sous tous les angles. Revue fond\u00e9e par Gaspard Rambel en novembre 2023.","publisher":{"@id":"https:\/\/revuedestemps.com\/#organization"},"potentialAction":[{"@type":"SearchAction","target":{"@type":"EntryPoint","urlTemplate":"https:\/\/revuedestemps.com\/?s={search_term_string}"},"query-input":{"@type":"PropertyValueSpecification","valueRequired":true,"valueName":"search_term_string"}}],"inLanguage":"fr-FR"},{"@type":"Organization","@id":"https:\/\/revuedestemps.com\/#organization","name":"Revue des Temps","url":"https:\/\/revuedestemps.com\/","logo":{"@type":"ImageObject","inLanguage":"fr-FR","@id":"https:\/\/revuedestemps.com\/#\/schema\/logo\/image\/","url":"https:\/\/revuedestemps.com\/wp-content\/uploads\/2024\/03\/sticker-vintage-carte-map-monde-black-white-edited.jpg","contentUrl":"https:\/\/revuedestemps.com\/wp-content\/uploads\/2024\/03\/sticker-vintage-carte-map-monde-black-white-edited.jpg","width":528,"height":528,"caption":"Revue des Temps"},"image":{"@id":"https:\/\/revuedestemps.com\/#\/schema\/logo\/image\/"}},{"@type":"Person","@id":"https:\/\/revuedestemps.com\/#\/schema\/person\/5136baabdd4a86593120d3793e4db32a","name":"Oksana Chilikina","image":{"@type":"ImageObject","inLanguage":"fr-FR","@id":"https:\/\/revuedestemps.com\/#\/schema\/person\/image\/","url":"https:\/\/secure.gravatar.com\/avatar\/2bb70344d916a29f9622f9ddfca9701e14dcbcfbff7848ca0f9726bfc0920307?s=96&d=mm&r=g","contentUrl":"https:\/\/secure.gravatar.com\/avatar\/2bb70344d916a29f9622f9ddfca9701e14dcbcfbff7848ca0f9726bfc0920307?s=96&d=mm&r=g","caption":"Oksana Chilikina"},"url":"https:\/\/revuedestemps.com\/index.php\/author\/oksana-chilikina\/"}]}},"_links":{"self":[{"href":"https:\/\/revuedestemps.com\/index.php\/wp-json\/wp\/v2\/posts\/4218","targetHints":{"allow":["GET"]}}],"collection":[{"href":"https:\/\/revuedestemps.com\/index.php\/wp-json\/wp\/v2\/posts"}],"about":[{"href":"https:\/\/revuedestemps.com\/index.php\/wp-json\/wp\/v2\/types\/post"}],"author":[{"embeddable":true,"href":"https:\/\/revuedestemps.com\/index.php\/wp-json\/wp\/v2\/users\/5"}],"replies":[{"embeddable":true,"href":"https:\/\/revuedestemps.com\/index.php\/wp-json\/wp\/v2\/comments?post=4218"}],"version-history":[{"count":16,"href":"https:\/\/revuedestemps.com\/index.php\/wp-json\/wp\/v2\/posts\/4218\/revisions"}],"predecessor-version":[{"id":4247,"href":"https:\/\/revuedestemps.com\/index.php\/wp-json\/wp\/v2\/posts\/4218\/revisions\/4247"}],"wp:featuredmedia":[{"embeddable":true,"href":"https:\/\/revuedestemps.com\/index.php\/wp-json\/wp\/v2\/media\/4228"}],"wp:attachment":[{"href":"https:\/\/revuedestemps.com\/index.php\/wp-json\/wp\/v2\/media?parent=4218"}],"wp:term":[{"taxonomy":"category","embeddable":true,"href":"https:\/\/revuedestemps.com\/index.php\/wp-json\/wp\/v2\/categories?post=4218"},{"taxonomy":"post_tag","embeddable":true,"href":"https:\/\/revuedestemps.com\/index.php\/wp-json\/wp\/v2\/tags?post=4218"}],"curies":[{"name":"wp","href":"https:\/\/api.w.org\/{rel}","templated":true}]}}