{"id":445,"date":"2024-03-16T23:33:21","date_gmt":"2024-03-16T22:33:21","guid":{"rendered":"https:\/\/revuedestemps.com\/?p=445"},"modified":"2024-03-25T12:39:49","modified_gmt":"2024-03-25T11:39:49","slug":"reveil-printanier","status":"publish","type":"post","link":"https:\/\/revuedestemps.com\/index.php\/2024\/03\/16\/reveil-printanier\/","title":{"rendered":"R\u00e9veil Printanier"},"content":{"rendered":"<p>C\u2019est au printemps que commence un nouveau cycle \u2013\u00a0la naissance d\u2019une nouvelle vie\u2026 En hiver, nous semblons nous endormir, hiberner. Mais avec l\u2019arriv\u00e9e de cette saison, on reprend vie, comme si quelque chose de nouveau s\u2019installait \u00e0 l\u2019int\u00e9rieur de chacun.<\/p>\n<p>En pensant au printemps, les \u0153uvres de Claude\u00a0Monet nous viennent directement \u00e0 l\u2019esprit\u00a0: il peignait les variations de cette p\u00e9riode de l\u2019ann\u00e9e avec une acuit\u00e9 certaine, en prenant comme objet d\u2019inspiration son village de Giverny, situ\u00e9 en Normandie. Il est \u00e9tonnant de voir \u00e0 quel point l\u2019artiste a r\u00e9ussi \u00e0 capturer l\u2019\u00e9tat d\u2019\u00e9veil de la nature, ainsi que de tous les \u00eatres vivants\u00a0: \u00ab\u00a0J\u2019ai pu transmettre l\u2019impression des mouvements fugaces du soleil et, au printemps, c\u2019est particulier, il est difficile de l\u2019exprimer avec des mots, cela ne peut \u00eatre ressenti qu\u2019avec l\u2019\u00e2me.\u00a0\u00bb \u00c0 travers ses toiles, il a su montrer les jeux d\u2019ombres et de lumi\u00e8re, le souffle du vent \u2013\u00a0ici tout vit, respire, se balance, vibre, palpite \u2013, la vraie vie, l\u2019\u00e9clat du soleil jouant sur l\u2019herbe. En regardant ses peintures, on a envie d\u2019\u00eatre dans ce village, de respirer l\u2019ar\u00f4me de cette nature qu\u2019il nous propose d\u2019admirer. Il a cr\u00e9\u00e9 ce jardin avec amour et soin, car, en plus d\u2019\u00eatre un grand peintre, il \u00e9tait \u00e9galement excellent jardinier.<\/p>\n<h4>Le jardin de Giverny<\/h4>\n<p>Aujourd\u2019hui, artistes et admirateurs du monde entier y viennent pour trouver l\u2019inspiration, ou simplement le d\u00e9couvrir. Claude\u00a0Monet a qualifi\u00e9 son jardin de peinture impressionniste naturelle, il n\u2019aimait pas les contraintes ainsi que les plans convenus et a particip\u00e9, avec d\u2019autres, \u00e0 populariser l\u2019expression \u00ab\u00a0jardin \u00e0 la fran\u00e7aise\u00a0\u00bb.<\/p>\n<p>Il a command\u00e9 des graines de plantes au Japon, et ses amis, connaissant bien la passion de l\u2019artiste, lui ont \u00e9galement offert les plantes les plus incroyables de cette r\u00e9gion dont l\u2019acc\u00e8s est reli\u00e9 par le pont japonais qui se trouve dans le <em>Jardin d\u2019eau\u00a0<sup><a id=\"post-445-footnote-ref-1\" href=\"#post-445-footnote-1\">[1]<\/a><\/sup>\u00a0<\/em>; des paysagistes de tous les continents le prennent d\u00e9sormais comme exemple et viennent l\u2019\u00e9tudier.<\/p>\n<p>Diverses conf\u00e9rences et r\u00e9unions de jardiniers de toutes nationalit\u00e9s y sont organis\u00e9es. C\u2019est l\u00e0 que plane l\u2019esprit du maestro, son \u00e2me, son \u00e9nergie\u00a0: Monet a v\u00e9cu et travaill\u00e9 ici pendant quarante-trois ans. L\u2019artiste s\u2019y est install\u00e9 en 1883. Il avait remarqu\u00e9 ce village lors de son passage en train\u2026 Parlant des plantes de son jardin, Monet disait\u00a0: \u00ab\u00a0Je les ai plant\u00e9es par plaisir, sans m\u00eame penser que je les peindrais.\u00a0\u00bb Il a su cr\u00e9er son paradis sur terre, \u00e0 l\u2019aide de son imagination et de ses mains. Si chacun r\u00e9alisait quelque chose de similaire, on pourrait d\u00e9couvrir au hasard des balades un jardin d\u2019\u00c9den \u00e0 chaque coin de rue.<\/p>\n<p>Monet a cr\u00e9\u00e9 son propre style, il sublime les effets de lumi\u00e8re qui changent suivant les heures, la synchronicit\u00e9 des motifs n\u2019\u00e9tant qu\u2019un pr\u00e9texte afin de reproduire leur \u00e9volution au cours des heures. Plus g\u00e9n\u00e9ralement, sa vision, ses compositions de couleurs ne ressemblent pas \u00e0 celles des autres. La campagne traditionnelle c\u00f4toie les fulgurances de son imagination ainsi que ses diff\u00e9rentes influences (japonaises notamment). Il restera quelque peu insensible \u00e0 l\u2019essor de l\u2019industrie et des opportunit\u00e9s que cela pourrait lui donner, m\u00eame s\u2019il peint <em>La Gare Saint-Lazare<\/em> en 1877. Ses tableaux fascinent quiconque les regarde, ils semblent absorber l\u2019attention des observateurs afin de les perdre dans un labyrinthe de variations de couleurs.<\/p>\n<p>Tel un magicien, il s\u2019est servi de son pinceau, ainsi que de son environnement, afin de cr\u00e9er son propre monde et d\u2019y embarquer avec lui tous les amoureux des arts ainsi que de la nature. L\u2019artiste nous a quitt\u00e9s en 1926, mais son jardin continue toujours d\u2019inspirer peintres et artistes. Il est \u00e0 lui seul une all\u00e9gorie du printemps\u00a0: la combinaison de fleurs roses et de ciel bleu cr\u00e9e un ensemble r\u00e9ussi qui pla\u00eet \u00e0 l\u2019\u0153il du spectateur, propice \u00e0 la contemplation. Nombreux l\u2019admirent, car dans les \u0153uvres de Monet r\u00e9side un puissant art\u00e9fact qui donne envie de vivre ainsi que de cr\u00e9er, de se r\u00e9veiller du lourd sommeil de l\u2019hiver et d\u2019aller peindre. Apr\u00e8s plusieurs ann\u00e9es de r\u00e9novation \u00e0 partir des ann\u00e9es soixante-dix, le jardin ainsi que la propri\u00e9t\u00e9 sont de nouveaux ouverts au public depuis 1980.<\/p>\n<p>Il n\u2019est pas encore trop tard pour aller visiter le lieu et se laisser hypnotiser par ce bouquet de saveurs et de couleurs que les toiles ont su si bien restituer, il ne tient qu\u2019\u00e0 vous de vous laisser guider par son imaginaire\u2026<\/p>\n<h3><strong>Oksana Chilikina &amp; Gaspard\u00a0Rambel<\/strong><\/h3>\n<ol>\n<li id=\"post-445-footnote-1\"><a href=\"https:\/\/giverny.org\/gardens\/fcm\/visitfr.htm\">Le jardin de Claude\u00a0Monet \u00e0 Giverny<\/a> <a href=\"#post-445-footnote-ref-1\">\u2191<\/a><\/li>\n<\/ol>\n","protected":false},"excerpt":{"rendered":"<p>C\u2019est au printemps que commence un nouveau cycle \u2013\u00a0la naissance d\u2019une nouvelle vie\u2026 En hiver, nous semblons nous endormir, hiberner. Mais avec l\u2019arriv\u00e9e de cette saison, on reprend vie, comme si quelque chose de nouveau s\u2019installait \u00e0 l\u2019int\u00e9rieur de chacun. En pensant au printemps, les \u0153uvres de Claude\u00a0Monet nous viennent directement \u00e0 l\u2019esprit\u00a0: il peignait [&hellip;]<\/p>\n","protected":false},"author":5,"featured_media":788,"comment_status":"open","ping_status":"open","sticky":false,"template":"","format":"standard","meta":{"footnotes":""},"categories":[13],"tags":[29],"class_list":["post-445","post","type-post","status-publish","format-standard","has-post-thumbnail","hentry","category-inventions","tag-mars-2024"],"yoast_head":"<!-- This site is optimized with the Yoast SEO plugin v26.1.1 - https:\/\/yoast.com\/wordpress\/plugins\/seo\/ -->\n<title>R\u00e9veil Printanier - Revue des Temps<\/title>\n<meta name=\"robots\" content=\"index, follow, max-snippet:-1, max-image-preview:large, max-video-preview:-1\" \/>\n<link rel=\"canonical\" href=\"https:\/\/revuedestemps.com\/index.php\/2024\/03\/16\/reveil-printanier\/\" \/>\n<meta property=\"og:locale\" content=\"fr_FR\" \/>\n<meta property=\"og:type\" content=\"article\" \/>\n<meta property=\"og:title\" content=\"R\u00e9veil Printanier - Revue des Temps\" \/>\n<meta property=\"og:description\" content=\"C\u2019est au printemps que commence un nouveau cycle \u2013\u00a0la naissance d\u2019une nouvelle vie\u2026 En hiver, nous semblons nous endormir, hiberner. Mais avec l\u2019arriv\u00e9e de cette saison, on reprend vie, comme si quelque chose de nouveau s\u2019installait \u00e0 l\u2019int\u00e9rieur de chacun. En pensant au printemps, les \u0153uvres de Claude\u00a0Monet nous viennent directement \u00e0 l\u2019esprit\u00a0: il peignait [&hellip;]\" \/>\n<meta property=\"og:url\" content=\"https:\/\/revuedestemps.com\/index.php\/2024\/03\/16\/reveil-printanier\/\" \/>\n<meta property=\"og:site_name\" content=\"Revue des Temps\" \/>\n<meta property=\"article:published_time\" content=\"2024-03-16T22:33:21+00:00\" \/>\n<meta property=\"article:modified_time\" content=\"2024-03-25T11:39:49+00:00\" \/>\n<meta property=\"og:image\" content=\"http:\/\/revuedestemps.com\/wp-content\/uploads\/2024\/03\/Oksana-monet-1024x512.png\" \/>\n\t<meta property=\"og:image:width\" content=\"1024\" \/>\n\t<meta property=\"og:image:height\" content=\"512\" \/>\n\t<meta property=\"og:image:type\" content=\"image\/png\" \/>\n<meta name=\"author\" content=\"Oksana Chilikina\" \/>\n<meta name=\"twitter:card\" content=\"summary_large_image\" \/>\n<meta name=\"twitter:label1\" content=\"\u00c9crit par\" \/>\n\t<meta name=\"twitter:data1\" content=\"Oksana Chilikina\" \/>\n\t<meta name=\"twitter:label2\" content=\"Dur\u00e9e de lecture estim\u00e9e\" \/>\n\t<meta name=\"twitter:data2\" content=\"4 minutes\" \/>\n<script type=\"application\/ld+json\" class=\"yoast-schema-graph\">{\"@context\":\"https:\/\/schema.org\",\"@graph\":[{\"@type\":\"Article\",\"@id\":\"https:\/\/revuedestemps.com\/index.php\/2024\/03\/16\/reveil-printanier\/#article\",\"isPartOf\":{\"@id\":\"https:\/\/revuedestemps.com\/index.php\/2024\/03\/16\/reveil-printanier\/\"},\"author\":{\"name\":\"Oksana Chilikina\",\"@id\":\"https:\/\/revuedestemps.com\/#\/schema\/person\/5136baabdd4a86593120d3793e4db32a\"},\"headline\":\"R\u00e9veil Printanier\",\"datePublished\":\"2024-03-16T22:33:21+00:00\",\"dateModified\":\"2024-03-25T11:39:49+00:00\",\"mainEntityOfPage\":{\"@id\":\"https:\/\/revuedestemps.com\/index.php\/2024\/03\/16\/reveil-printanier\/\"},\"wordCount\":818,\"commentCount\":0,\"publisher\":{\"@id\":\"https:\/\/revuedestemps.com\/#organization\"},\"image\":{\"@id\":\"https:\/\/revuedestemps.com\/index.php\/2024\/03\/16\/reveil-printanier\/#primaryimage\"},\"thumbnailUrl\":\"https:\/\/revuedestemps.com\/wp-content\/uploads\/2024\/03\/Oksana-monet.png\",\"keywords\":[\"mars 2024\"],\"articleSection\":[\"Art \/ Inventions\"],\"inLanguage\":\"fr-FR\",\"potentialAction\":[{\"@type\":\"CommentAction\",\"name\":\"Comment\",\"target\":[\"https:\/\/revuedestemps.com\/index.php\/2024\/03\/16\/reveil-printanier\/#respond\"]}]},{\"@type\":\"WebPage\",\"@id\":\"https:\/\/revuedestemps.com\/index.php\/2024\/03\/16\/reveil-printanier\/\",\"url\":\"https:\/\/revuedestemps.com\/index.php\/2024\/03\/16\/reveil-printanier\/\",\"name\":\"R\u00e9veil Printanier - Revue des Temps\",\"isPartOf\":{\"@id\":\"https:\/\/revuedestemps.com\/#website\"},\"primaryImageOfPage\":{\"@id\":\"https:\/\/revuedestemps.com\/index.php\/2024\/03\/16\/reveil-printanier\/#primaryimage\"},\"image\":{\"@id\":\"https:\/\/revuedestemps.com\/index.php\/2024\/03\/16\/reveil-printanier\/#primaryimage\"},\"thumbnailUrl\":\"https:\/\/revuedestemps.com\/wp-content\/uploads\/2024\/03\/Oksana-monet.png\",\"datePublished\":\"2024-03-16T22:33:21+00:00\",\"dateModified\":\"2024-03-25T11:39:49+00:00\",\"breadcrumb\":{\"@id\":\"https:\/\/revuedestemps.com\/index.php\/2024\/03\/16\/reveil-printanier\/#breadcrumb\"},\"inLanguage\":\"fr-FR\",\"potentialAction\":[{\"@type\":\"ReadAction\",\"target\":[\"https:\/\/revuedestemps.com\/index.php\/2024\/03\/16\/reveil-printanier\/\"]}]},{\"@type\":\"ImageObject\",\"inLanguage\":\"fr-FR\",\"@id\":\"https:\/\/revuedestemps.com\/index.php\/2024\/03\/16\/reveil-printanier\/#primaryimage\",\"url\":\"https:\/\/revuedestemps.com\/wp-content\/uploads\/2024\/03\/Oksana-monet.png\",\"contentUrl\":\"https:\/\/revuedestemps.com\/wp-content\/uploads\/2024\/03\/Oksana-monet.png\",\"width\":3750,\"height\":1875},{\"@type\":\"BreadcrumbList\",\"@id\":\"https:\/\/revuedestemps.com\/index.php\/2024\/03\/16\/reveil-printanier\/#breadcrumb\",\"itemListElement\":[{\"@type\":\"ListItem\",\"position\":1,\"name\":\"Accueil\",\"item\":\"https:\/\/revuedestemps.com\/\"},{\"@type\":\"ListItem\",\"position\":2,\"name\":\"R\u00e9veil Printanier\"}]},{\"@type\":\"WebSite\",\"@id\":\"https:\/\/revuedestemps.com\/#website\",\"url\":\"https:\/\/revuedestemps.com\/\",\"name\":\"Revue des Temps\",\"description\":\"L&#039;actualit\u00e9 politique et culturelle sous tous les angles. Revue fond\u00e9e par Gaspard Rambel en novembre 2023.\",\"publisher\":{\"@id\":\"https:\/\/revuedestemps.com\/#organization\"},\"potentialAction\":[{\"@type\":\"SearchAction\",\"target\":{\"@type\":\"EntryPoint\",\"urlTemplate\":\"https:\/\/revuedestemps.com\/?s={search_term_string}\"},\"query-input\":{\"@type\":\"PropertyValueSpecification\",\"valueRequired\":true,\"valueName\":\"search_term_string\"}}],\"inLanguage\":\"fr-FR\"},{\"@type\":\"Organization\",\"@id\":\"https:\/\/revuedestemps.com\/#organization\",\"name\":\"Revue des Temps\",\"url\":\"https:\/\/revuedestemps.com\/\",\"logo\":{\"@type\":\"ImageObject\",\"inLanguage\":\"fr-FR\",\"@id\":\"https:\/\/revuedestemps.com\/#\/schema\/logo\/image\/\",\"url\":\"https:\/\/revuedestemps.com\/wp-content\/uploads\/2024\/03\/sticker-vintage-carte-map-monde-black-white-edited.jpg\",\"contentUrl\":\"https:\/\/revuedestemps.com\/wp-content\/uploads\/2024\/03\/sticker-vintage-carte-map-monde-black-white-edited.jpg\",\"width\":528,\"height\":528,\"caption\":\"Revue des Temps\"},\"image\":{\"@id\":\"https:\/\/revuedestemps.com\/#\/schema\/logo\/image\/\"}},{\"@type\":\"Person\",\"@id\":\"https:\/\/revuedestemps.com\/#\/schema\/person\/5136baabdd4a86593120d3793e4db32a\",\"name\":\"Oksana Chilikina\",\"image\":{\"@type\":\"ImageObject\",\"inLanguage\":\"fr-FR\",\"@id\":\"https:\/\/revuedestemps.com\/#\/schema\/person\/image\/\",\"url\":\"https:\/\/secure.gravatar.com\/avatar\/2bb70344d916a29f9622f9ddfca9701e14dcbcfbff7848ca0f9726bfc0920307?s=96&d=mm&r=g\",\"contentUrl\":\"https:\/\/secure.gravatar.com\/avatar\/2bb70344d916a29f9622f9ddfca9701e14dcbcfbff7848ca0f9726bfc0920307?s=96&d=mm&r=g\",\"caption\":\"Oksana Chilikina\"},\"url\":\"https:\/\/revuedestemps.com\/index.php\/author\/oksana-chilikina\/\"}]}<\/script>\n<!-- \/ Yoast SEO plugin. -->","yoast_head_json":{"title":"R\u00e9veil Printanier - Revue des Temps","robots":{"index":"index","follow":"follow","max-snippet":"max-snippet:-1","max-image-preview":"max-image-preview:large","max-video-preview":"max-video-preview:-1"},"canonical":"https:\/\/revuedestemps.com\/index.php\/2024\/03\/16\/reveil-printanier\/","og_locale":"fr_FR","og_type":"article","og_title":"R\u00e9veil Printanier - Revue des Temps","og_description":"C\u2019est au printemps que commence un nouveau cycle \u2013\u00a0la naissance d\u2019une nouvelle vie\u2026 En hiver, nous semblons nous endormir, hiberner. Mais avec l\u2019arriv\u00e9e de cette saison, on reprend vie, comme si quelque chose de nouveau s\u2019installait \u00e0 l\u2019int\u00e9rieur de chacun. En pensant au printemps, les \u0153uvres de Claude\u00a0Monet nous viennent directement \u00e0 l\u2019esprit\u00a0: il peignait [&hellip;]","og_url":"https:\/\/revuedestemps.com\/index.php\/2024\/03\/16\/reveil-printanier\/","og_site_name":"Revue des Temps","article_published_time":"2024-03-16T22:33:21+00:00","article_modified_time":"2024-03-25T11:39:49+00:00","og_image":[{"width":1024,"height":512,"url":"http:\/\/revuedestemps.com\/wp-content\/uploads\/2024\/03\/Oksana-monet-1024x512.png","type":"image\/png"}],"author":"Oksana Chilikina","twitter_card":"summary_large_image","twitter_misc":{"\u00c9crit par":"Oksana Chilikina","Dur\u00e9e de lecture estim\u00e9e":"4 minutes"},"schema":{"@context":"https:\/\/schema.org","@graph":[{"@type":"Article","@id":"https:\/\/revuedestemps.com\/index.php\/2024\/03\/16\/reveil-printanier\/#article","isPartOf":{"@id":"https:\/\/revuedestemps.com\/index.php\/2024\/03\/16\/reveil-printanier\/"},"author":{"name":"Oksana Chilikina","@id":"https:\/\/revuedestemps.com\/#\/schema\/person\/5136baabdd4a86593120d3793e4db32a"},"headline":"R\u00e9veil Printanier","datePublished":"2024-03-16T22:33:21+00:00","dateModified":"2024-03-25T11:39:49+00:00","mainEntityOfPage":{"@id":"https:\/\/revuedestemps.com\/index.php\/2024\/03\/16\/reveil-printanier\/"},"wordCount":818,"commentCount":0,"publisher":{"@id":"https:\/\/revuedestemps.com\/#organization"},"image":{"@id":"https:\/\/revuedestemps.com\/index.php\/2024\/03\/16\/reveil-printanier\/#primaryimage"},"thumbnailUrl":"https:\/\/revuedestemps.com\/wp-content\/uploads\/2024\/03\/Oksana-monet.png","keywords":["mars 2024"],"articleSection":["Art \/ Inventions"],"inLanguage":"fr-FR","potentialAction":[{"@type":"CommentAction","name":"Comment","target":["https:\/\/revuedestemps.com\/index.php\/2024\/03\/16\/reveil-printanier\/#respond"]}]},{"@type":"WebPage","@id":"https:\/\/revuedestemps.com\/index.php\/2024\/03\/16\/reveil-printanier\/","url":"https:\/\/revuedestemps.com\/index.php\/2024\/03\/16\/reveil-printanier\/","name":"R\u00e9veil Printanier - Revue des Temps","isPartOf":{"@id":"https:\/\/revuedestemps.com\/#website"},"primaryImageOfPage":{"@id":"https:\/\/revuedestemps.com\/index.php\/2024\/03\/16\/reveil-printanier\/#primaryimage"},"image":{"@id":"https:\/\/revuedestemps.com\/index.php\/2024\/03\/16\/reveil-printanier\/#primaryimage"},"thumbnailUrl":"https:\/\/revuedestemps.com\/wp-content\/uploads\/2024\/03\/Oksana-monet.png","datePublished":"2024-03-16T22:33:21+00:00","dateModified":"2024-03-25T11:39:49+00:00","breadcrumb":{"@id":"https:\/\/revuedestemps.com\/index.php\/2024\/03\/16\/reveil-printanier\/#breadcrumb"},"inLanguage":"fr-FR","potentialAction":[{"@type":"ReadAction","target":["https:\/\/revuedestemps.com\/index.php\/2024\/03\/16\/reveil-printanier\/"]}]},{"@type":"ImageObject","inLanguage":"fr-FR","@id":"https:\/\/revuedestemps.com\/index.php\/2024\/03\/16\/reveil-printanier\/#primaryimage","url":"https:\/\/revuedestemps.com\/wp-content\/uploads\/2024\/03\/Oksana-monet.png","contentUrl":"https:\/\/revuedestemps.com\/wp-content\/uploads\/2024\/03\/Oksana-monet.png","width":3750,"height":1875},{"@type":"BreadcrumbList","@id":"https:\/\/revuedestemps.com\/index.php\/2024\/03\/16\/reveil-printanier\/#breadcrumb","itemListElement":[{"@type":"ListItem","position":1,"name":"Accueil","item":"https:\/\/revuedestemps.com\/"},{"@type":"ListItem","position":2,"name":"R\u00e9veil Printanier"}]},{"@type":"WebSite","@id":"https:\/\/revuedestemps.com\/#website","url":"https:\/\/revuedestemps.com\/","name":"Revue des Temps","description":"L&#039;actualit\u00e9 politique et culturelle sous tous les angles. Revue fond\u00e9e par Gaspard Rambel en novembre 2023.","publisher":{"@id":"https:\/\/revuedestemps.com\/#organization"},"potentialAction":[{"@type":"SearchAction","target":{"@type":"EntryPoint","urlTemplate":"https:\/\/revuedestemps.com\/?s={search_term_string}"},"query-input":{"@type":"PropertyValueSpecification","valueRequired":true,"valueName":"search_term_string"}}],"inLanguage":"fr-FR"},{"@type":"Organization","@id":"https:\/\/revuedestemps.com\/#organization","name":"Revue des Temps","url":"https:\/\/revuedestemps.com\/","logo":{"@type":"ImageObject","inLanguage":"fr-FR","@id":"https:\/\/revuedestemps.com\/#\/schema\/logo\/image\/","url":"https:\/\/revuedestemps.com\/wp-content\/uploads\/2024\/03\/sticker-vintage-carte-map-monde-black-white-edited.jpg","contentUrl":"https:\/\/revuedestemps.com\/wp-content\/uploads\/2024\/03\/sticker-vintage-carte-map-monde-black-white-edited.jpg","width":528,"height":528,"caption":"Revue des Temps"},"image":{"@id":"https:\/\/revuedestemps.com\/#\/schema\/logo\/image\/"}},{"@type":"Person","@id":"https:\/\/revuedestemps.com\/#\/schema\/person\/5136baabdd4a86593120d3793e4db32a","name":"Oksana Chilikina","image":{"@type":"ImageObject","inLanguage":"fr-FR","@id":"https:\/\/revuedestemps.com\/#\/schema\/person\/image\/","url":"https:\/\/secure.gravatar.com\/avatar\/2bb70344d916a29f9622f9ddfca9701e14dcbcfbff7848ca0f9726bfc0920307?s=96&d=mm&r=g","contentUrl":"https:\/\/secure.gravatar.com\/avatar\/2bb70344d916a29f9622f9ddfca9701e14dcbcfbff7848ca0f9726bfc0920307?s=96&d=mm&r=g","caption":"Oksana Chilikina"},"url":"https:\/\/revuedestemps.com\/index.php\/author\/oksana-chilikina\/"}]}},"_links":{"self":[{"href":"https:\/\/revuedestemps.com\/index.php\/wp-json\/wp\/v2\/posts\/445","targetHints":{"allow":["GET"]}}],"collection":[{"href":"https:\/\/revuedestemps.com\/index.php\/wp-json\/wp\/v2\/posts"}],"about":[{"href":"https:\/\/revuedestemps.com\/index.php\/wp-json\/wp\/v2\/types\/post"}],"author":[{"embeddable":true,"href":"https:\/\/revuedestemps.com\/index.php\/wp-json\/wp\/v2\/users\/5"}],"replies":[{"embeddable":true,"href":"https:\/\/revuedestemps.com\/index.php\/wp-json\/wp\/v2\/comments?post=445"}],"version-history":[{"count":4,"href":"https:\/\/revuedestemps.com\/index.php\/wp-json\/wp\/v2\/posts\/445\/revisions"}],"predecessor-version":[{"id":804,"href":"https:\/\/revuedestemps.com\/index.php\/wp-json\/wp\/v2\/posts\/445\/revisions\/804"}],"wp:featuredmedia":[{"embeddable":true,"href":"https:\/\/revuedestemps.com\/index.php\/wp-json\/wp\/v2\/media\/788"}],"wp:attachment":[{"href":"https:\/\/revuedestemps.com\/index.php\/wp-json\/wp\/v2\/media?parent=445"}],"wp:term":[{"taxonomy":"category","embeddable":true,"href":"https:\/\/revuedestemps.com\/index.php\/wp-json\/wp\/v2\/categories?post=445"},{"taxonomy":"post_tag","embeddable":true,"href":"https:\/\/revuedestemps.com\/index.php\/wp-json\/wp\/v2\/tags?post=445"}],"curies":[{"name":"wp","href":"https:\/\/api.w.org\/{rel}","templated":true}]}}