{"id":5129,"date":"2026-01-23T13:56:25","date_gmt":"2026-01-23T12:56:25","guid":{"rendered":"https:\/\/revuedestemps.com\/?p=5129"},"modified":"2026-03-08T12:11:22","modified_gmt":"2026-03-08T11:11:22","slug":"entretien-avec-maryna-kumeda-auteure-de-lamour-en-temps-de-guerre","status":"publish","type":"post","link":"https:\/\/revuedestemps.com\/index.php\/2026\/01\/23\/entretien-avec-maryna-kumeda-auteure-de-lamour-en-temps-de-guerre\/","title":{"rendered":"Entretien avec Maryna Kumeda, auteure de L\u2019amour en temps de guerre."},"content":{"rendered":"<h4><em>Gaspard Rambel<\/em> : Comment est n\u00e9e cette id\u00e9e de r\u00e9colter des t\u00e9moignages concernant les relations amoureuses des soldats ukrainiens sur le front ?<\/h4>\n<h4><em>Maryna Kumeda <\/em>: L\u2019origine de ce livre vient du d\u00e9sir de documenter la mani\u00e8re dont l\u2019intime se transforme en temps de guerre. Je voulais explorer comment on vit les relations, l\u2019amour, les espoirs de famille ou de naissance, tout ce qui gravite autour du lien \u00e0 l\u2019autre en Ukraine, et pas seulement sur le front. Il existe beaucoup d\u2019histoires sur la ligne de front, mais aussi \u00e0 Kyiv, Zaporijjia, Soumy, \u00e0 Lviv et ailleurs. J\u2019ai commenc\u00e9 \u00e0 les recueillir il y a deux ans, lors de mon premier retour en Ukraine, en avril 2023.<\/h4>\n<h4><em>Gaspard Rambel <\/em>: Est-ce qu\u2019il a \u00e9t\u00e9 facile pour eux de se livrer ? Quelle a \u00e9t\u00e9 la principale barri\u00e8re au d\u00e9but ?<\/h4>\n<h4><em>Maryna Kumeda <\/em>: Si l\u2019on parle plus particuli\u00e8rement des soldats et de la facilit\u00e9, ou non, avec laquelle ils se livrent, je dirais que la mani\u00e8re dont j\u2019ai men\u00e9 ma recherche le permettait. Je cherchais avant tout \u00e0 offrir un espace o\u00f9 chacun puisse s\u2019exprimer sur ces questions d\u2019amour, de solitude, de recherche de proximit\u00e9, d\u2019attachement et de tendresse, que l\u2019on soit en couple ou non, que l\u2019on soit en qu\u00eate de lien ou en situation de souffrance. Je laissais volontairement la question tr\u00e8s ouverte, que ce soit sur des applications de rencontre ou directement sur la ligne de front, lorsque j\u2019interrogeais des personnes \u00e0 la recherche de t\u00e9moins. Je disais simplement : je cherche des couples heureux, des hommes seuls, des hommes en qu\u00eate de relations sexuelles, d\u2019amour. Je veux comprendre comment, en temps de guerre, on trouve cette proximit\u00e9, cette tendresse, ce besoin de lien \u00e0 l\u2019autre.<\/h4>\n<h4>J\u2019ai re\u00e7u beaucoup de r\u00e9ponses via les sites de rencontre. Les personnes que j\u2019y ai rencontr\u00e9es me renvoyaient vers d\u2019autres compatriotes, confr\u00e8res, ou parfois vers une femme qu\u2019un homme avait c\u00f4toy\u00e9e. Je me souviens par exemple d\u2019un reportage pour lequel nous avions d\u00fb faire du stop, faute de transports en commun. Un militaire nous a pris dans sa voiture. Nous lui avons pos\u00e9 des questions simples : comment vivez-vous ? Voyez-vous votre famille ? Comment r\u00e9pondez-vous \u00e0 vos besoins de tendresse, de sexualit\u00e9 ? Il nous a r\u00e9pondu \u00e0 condition que son identit\u00e9 ne soit pas r\u00e9v\u00e9l\u00e9e. Cet anonymat a permis une grande franchise.<\/h4>\n<h4>Dans mes rencontres, notamment via les applications de rencontre o\u00f9 je me pr\u00e9sentais en tant que journaliste recueillant des t\u00e9moignages, les gens venaient me dire qu\u2019ils avaient simplement envie de parler, d\u2019\u00eatre \u00e9cout\u00e9s. Parfois, on se confie plus facilement \u00e0 un inconnu qu\u2019\u00e0 ses proches. Je pense par exemple \u00e0 un homme qui m\u2019a parl\u00e9 de ses soup\u00e7ons de trahison de la part de sa femme. Il m\u2019a remerci\u00e9e pour cet entretien. En r\u00e9alit\u00e9, c\u2019est moi qui leur suis redevable : ils me font confiance pour recueillir ce qu\u2019ils ont de plus intime. Et souvent, ce sont eux qui se montrent reconnaissants d\u2019\u00eatre entendus et compris. Cela fonctionne dans les deux sens.<\/h4>\n<h4><em>Gaspard Rambel <\/em>: Pendant la premi\u00e8re guerre mondiale, en France, un service postal \u00e9tait d\u00e9di\u00e9 aux soldats fran\u00e7ais afin qu\u2019il puisse recevoir de l\u2019affection f\u00e9minine pendant qu\u2019ils se trouvaient dans les tranch\u00e9es. Peut-on dire, selon vous, que les r\u00e9seaux sociaux ont repris le flambeau et permettent aux soldats ukrainiens de se r\u00e9conforter le temps d\u2019un \u00e9change sur ces plateformes ?<\/h4>\n<h4><em>Maryna Kumeda <\/em>: Concernant les r\u00e9ponses \u00e0 ce manque de lien, le manque de toucher, d\u2019affection, de tendresse, que vivent majoritairement les soldats, souvent des hommes, plusieurs formes existent. D\u2019abord, les r\u00e9seaux sociaux : on observe beaucoup d\u2019hommes tr\u00e8s actifs sur le front, parfois simplement pour \u00e9changer, suivre ce qui se passe dans la vie civile, maintenir un lien avec elle. Les sites de rencontre jouent aussi ce r\u00f4le, non pas n\u00e9cessairement pour chercher des relations sexuelles, mais parfois simplement pour partager une exp\u00e9rience civile : aller \u00e0 une exposition, assister \u00e0 un concert, rencontrer quelqu\u2019un en dehors de l\u2019unit\u00e9, sortir de la routine militaire.<\/h4>\n<h4>Il existe aussi un lien tr\u00e8s fort avec les animaux. De nombreux soldats adoptent des chats, des chiens pr\u00e8s de la ligne de front. M\u00eame les petites souris qui envahissent parfois les tranch\u00e9es sont trait\u00e9es avec une forme de familiarit\u00e9 : elles deviennent presque une expression de lien avec la nature, avec l\u2019autre vivant, non humain. Les gestes de tendresse et de caresses s\u2019expriment aussi de cette mani\u00e8re. Ce n\u2019est pas uniquement mon point de vue : ce sont des militaires qui me l\u2019ont confi\u00e9.<\/h4>\n<h4>Il existe \u00e9galement des relations avec des civils, hommes ou femmes, de la r\u00e9gion, avec des travailleurs du sexe, mais aussi entre confr\u00e8res d\u2019armes, d\u2019autres brigades, que ce soit pour des relations sexuelles ou amicales. C\u2019est tr\u00e8s r\u00e9pandu. Par exemple, un homme qui organisait auparavant des festivals culturels vient de lancer un \u00e9v\u00e9nement dans une ville proche du front, avec des mesures de s\u00e9curit\u00e9 tr\u00e8s limit\u00e9es. Cela montre ce besoin de recr\u00e9er du lien, du collectif, m\u00eame dans un contexte extr\u00eamement contraint.<\/h4>\n<h4><em>Gaspard Rambel <\/em>: Lors de votre conf\u00e9rence \u00e0 l\u2019INALCO, le 15 d\u00e9cembre 2025, vous avez indiqu\u00e9 qu\u2019une \u00e9conomie de l\u2019amour s\u2019est construite \u00e0 proximit\u00e9 des lignes de front, \u00e0 Kramatorsk notamment, pourriez-vous nous en dire plus ?<\/h4>\n<h4><em>Maryna Kumeda <\/em>: Effectivement, on peut trouver, \u00e0 quelques kilom\u00e8tres en arri\u00e8re de la ligne de front, des \u00ab\u00a0zones \u00e9rotiques\u00a0\u00bb, des salons de massage, des appartements \u00e0 louer pour de courtes dur\u00e9es, ainsi que des annonces pour toutes sortes de prestations. Les soldats s\u2019y rendent durant leurs p\u00e9riodes de rotations, et les travailleurs et travailleuses du sexe se sont install\u00e9s ici afin d\u2019exercer leurs activit\u00e9s.<\/h4>\n<h4><em>Gaspard Rambel <\/em>: Est-ce que cela montre que la tendresse et l\u2019affection sont des besoins indispensables, m\u00eame en temps de guerre ?<\/h4>\n<h4><em>Maryna Kumeda<\/em> : Le besoin d\u2019affection et de tendresse est fondamental, peut-\u00eatre m\u00eame plus important encore. Ce que j\u2019observe, c\u2019est que les personnes confront\u00e9es \u00e0 une violence extr\u00eame, comme les hommes sur la ligne de front, parviennent parfois \u00e0 contenir en elles davantage de calme et de douceur que certains civils \u00e9loign\u00e9s du front, qui ne mesurent pas toujours l\u2019impact r\u00e9el de la guerre. En parcourant les villes ukrainiennes, en m\u2019approchant de la ligne de front, j\u2019ai constat\u00e9 que les gens y sont souvent plus calmes, plus pos\u00e9s. Les soldats, qui vivent des situations extr\u00eamement \u00e9prouvantes lors de leurs rotations, d\u00e9veloppent ces besoins de tendresse et trouvent diff\u00e9rentes mani\u00e8res de les exprimer.<\/h4>\n<h4><em>Gaspard Rambel<\/em> : Quel est le t\u00e9moignage qui vous a le plus marqu\u00e9 ?<\/h4>\n<h4><em>Maryna Kumeda <\/em>: Il y en a plusieurs. Je suis profond\u00e9ment attach\u00e9e \u00e0 beaucoup de ces r\u00e9cits, parfois parce qu\u2019ils viennent de personnes tr\u00e8s proches : des amis d\u2019enfance, des amis chers, dont j\u2019ai parfois anonymis\u00e9 les t\u00e9moignages par respect pour leurs familles, en accord avec eux. Mais celui qui revient le plus souvent est l\u2019histoire de Maria (pr\u00e9nom modifi\u00e9) et sa d\u00e9cision de concevoir un enfant apr\u00e8s la mort de son mari, par le biais d\u2019une PMA post-mortem. Ce projet n\u2019\u00e9tait pas seulement un d\u00e9sir d\u2019enfant : il est devenu une expression d\u2019amour, d\u2019espoir, de foi, une force immense qui transcende la mort. C\u2019est sans doute l\u2019histoire qui m\u2019a le plus transform\u00e9e.<\/h4>\n<h4>Mais chaque r\u00e9cit compte : l\u2019histoire de deuil d\u2019Ilna, celle de Laissa qui d\u00e9couvre que son compagnon est non seulement infid\u00e8le, mais aussi polyamoureux, et qui choisit malgr\u00e9 tout de construire un nouveau couple. Chacune de ces histoires m\u2019a marqu\u00e9e, transform\u00e9e, et m\u2019a appris quelque chose sur la force extraordinaire de ces personnes.<\/h4>\n<h4><em>Gaspard Rambel <\/em>: Merci beaucoup pour votre pr\u00e9cieux travail ainsi que pour vos r\u00e9ponses.<\/h4>\n<h4><em>Maryna Kumeda <\/em>: Merci beaucoup \u00e0 vous Gaspard.<\/h4>\n<p>&nbsp;<\/p>\n<h4>Entretien r\u00e9alis\u00e9 en d\u00e9cembre 2025 avec Maryna Kumeda, auteure de <em>L&rsquo;amour en Temps de guerre.<\/em><\/h4>\n<h4>Ouvrage : <em>L\u2019amour en temps de guerre<\/em><\/h4>\n<h4>Auteure : Maryna Kumeda<\/h4>\n<h4>\u00c9diteur : \u00c9ditions de l\u2019Aube<\/h4>\n<h4>Prix : 22\u20ac<\/h4>\n<h4>Nombre de pages : 240<\/h4>\n<h4>Date de publication : 7 novembre 2025<\/h4>\n<p><img loading=\"lazy\" decoding=\"async\" width=\"502\" height=\"722\" class=\"wp-image-5130 aligncenter\" src=\"http:\/\/revuedestemps.com\/wp-content\/uploads\/2026\/01\/une-image-contenant-texte-affiche-art-le-conten.png\" alt=\"Une image contenant texte, affiche, art\n\nLe contenu g\u00e9n\u00e9r\u00e9 par l\u2019IA peut \u00eatre incorrect.\" srcset=\"https:\/\/revuedestemps.com\/wp-content\/uploads\/2026\/01\/une-image-contenant-texte-affiche-art-le-conten.png 502w, https:\/\/revuedestemps.com\/wp-content\/uploads\/2026\/01\/une-image-contenant-texte-affiche-art-le-conten-209x300.png 209w\" sizes=\"auto, (max-width: 502px) 100vw, 502px\" \/><\/p>\n<h4 style=\"text-align: center;\">Lien pour se procurer le livre\u00a0: <a href=\"https:\/\/editionsdelaube.fr\/catalogue_de_livres\/lamour-en-temps-de-guerre\/\">https:\/\/editionsdelaube.fr\/catalogue_de_livres\/lamour-en-temps-de-guerre\/<\/a><\/h4>\n<h4 style=\"text-align: center;\">Fnac\u00a0: <a href=\"https:\/\/www.fnac.com\/a21785348\/Maryna-Kumeda-L-amour-en-temps-de-guerre\">https:\/\/www.fnac.com\/a21785348\/Maryna-Kumeda-L-amour-en-temps-de-guerre<\/a><\/h4>\n<h4 style=\"text-align: right;\"><em>Revue des Temps<\/em><\/h4>\n","protected":false},"excerpt":{"rendered":"<p>Gaspard Rambel : Comment est n\u00e9e cette id\u00e9e de r\u00e9colter des t\u00e9moignages concernant les relations amoureuses des soldats ukrainiens sur le front ? Maryna Kumeda : L\u2019origine de ce livre vient du d\u00e9sir de documenter la mani\u00e8re dont l\u2019intime se transforme en temps de guerre. Je voulais explorer comment on vit les relations, l\u2019amour, les [&hellip;]<\/p>\n","protected":false},"author":3,"featured_media":5392,"comment_status":"open","ping_status":"open","sticky":false,"template":"","format":"standard","meta":{"footnotes":""},"categories":[14,9],"tags":[41],"class_list":["post-5129","post","type-post","status-publish","format-standard","has-post-thumbnail","hentry","category-litterature","category-critiques-litteraires","tag-janvier"],"yoast_head":"<!-- This site is optimized with the Yoast SEO plugin v26.1.1 - https:\/\/yoast.com\/wordpress\/plugins\/seo\/ -->\n<title>Entretien avec Maryna Kumeda, auteure de L\u2019amour en temps de guerre. - Revue des Temps<\/title>\n<meta name=\"robots\" content=\"index, follow, max-snippet:-1, max-image-preview:large, max-video-preview:-1\" \/>\n<link rel=\"canonical\" href=\"https:\/\/revuedestemps.com\/index.php\/2026\/01\/23\/entretien-avec-maryna-kumeda-auteure-de-lamour-en-temps-de-guerre\/\" \/>\n<meta property=\"og:locale\" content=\"fr_FR\" \/>\n<meta property=\"og:type\" content=\"article\" \/>\n<meta property=\"og:title\" content=\"Entretien avec Maryna Kumeda, auteure de L\u2019amour en temps de guerre. - Revue des Temps\" \/>\n<meta property=\"og:description\" content=\"Gaspard Rambel : Comment est n\u00e9e cette id\u00e9e de r\u00e9colter des t\u00e9moignages concernant les relations amoureuses des soldats ukrainiens sur le front ? Maryna Kumeda : L\u2019origine de ce livre vient du d\u00e9sir de documenter la mani\u00e8re dont l\u2019intime se transforme en temps de guerre. Je voulais explorer comment on vit les relations, l\u2019amour, les [&hellip;]\" \/>\n<meta property=\"og:url\" content=\"https:\/\/revuedestemps.com\/index.php\/2026\/01\/23\/entretien-avec-maryna-kumeda-auteure-de-lamour-en-temps-de-guerre\/\" \/>\n<meta property=\"og:site_name\" content=\"Revue des Temps\" \/>\n<meta property=\"article:published_time\" content=\"2026-01-23T12:56:25+00:00\" \/>\n<meta property=\"article:modified_time\" content=\"2026-03-08T11:11:22+00:00\" \/>\n<meta property=\"og:image\" content=\"http:\/\/revuedestemps.com\/wp-content\/uploads\/2026\/01\/Copie-de-Copie-de-Copie-de-Copie-de-Octobre-2024-2-scaled.png\" \/>\n\t<meta property=\"og:image:width\" content=\"2560\" \/>\n\t<meta property=\"og:image:height\" content=\"1280\" \/>\n\t<meta property=\"og:image:type\" content=\"image\/png\" \/>\n<meta name=\"author\" content=\"Gaspard Rambel\" \/>\n<meta name=\"twitter:card\" content=\"summary_large_image\" \/>\n<meta name=\"twitter:label1\" content=\"\u00c9crit par\" \/>\n\t<meta name=\"twitter:data1\" content=\"Gaspard Rambel\" \/>\n\t<meta name=\"twitter:label2\" content=\"Dur\u00e9e de lecture estim\u00e9e\" \/>\n\t<meta name=\"twitter:data2\" content=\"7 minutes\" \/>\n<script type=\"application\/ld+json\" class=\"yoast-schema-graph\">{\"@context\":\"https:\/\/schema.org\",\"@graph\":[{\"@type\":\"Article\",\"@id\":\"https:\/\/revuedestemps.com\/index.php\/2026\/01\/23\/entretien-avec-maryna-kumeda-auteure-de-lamour-en-temps-de-guerre\/#article\",\"isPartOf\":{\"@id\":\"https:\/\/revuedestemps.com\/index.php\/2026\/01\/23\/entretien-avec-maryna-kumeda-auteure-de-lamour-en-temps-de-guerre\/\"},\"author\":{\"name\":\"Gaspard Rambel\",\"@id\":\"https:\/\/revuedestemps.com\/#\/schema\/person\/5dd0a03a675e44a338960d747e469d8f\"},\"headline\":\"Entretien avec Maryna Kumeda, auteure de L\u2019amour en temps de guerre.\",\"datePublished\":\"2026-01-23T12:56:25+00:00\",\"dateModified\":\"2026-03-08T11:11:22+00:00\",\"mainEntityOfPage\":{\"@id\":\"https:\/\/revuedestemps.com\/index.php\/2026\/01\/23\/entretien-avec-maryna-kumeda-auteure-de-lamour-en-temps-de-guerre\/\"},\"wordCount\":1463,\"commentCount\":0,\"publisher\":{\"@id\":\"https:\/\/revuedestemps.com\/#organization\"},\"image\":{\"@id\":\"https:\/\/revuedestemps.com\/index.php\/2026\/01\/23\/entretien-avec-maryna-kumeda-auteure-de-lamour-en-temps-de-guerre\/#primaryimage\"},\"thumbnailUrl\":\"https:\/\/revuedestemps.com\/wp-content\/uploads\/2026\/01\/Copie-de-Copie-de-Copie-de-Copie-de-Octobre-2024-2-scaled.png\",\"keywords\":[\"Janvier\"],\"articleSection\":[\"Litt\u00e9rature\",\"Recensions litt\u00e9raires\"],\"inLanguage\":\"fr-FR\",\"potentialAction\":[{\"@type\":\"CommentAction\",\"name\":\"Comment\",\"target\":[\"https:\/\/revuedestemps.com\/index.php\/2026\/01\/23\/entretien-avec-maryna-kumeda-auteure-de-lamour-en-temps-de-guerre\/#respond\"]}]},{\"@type\":\"WebPage\",\"@id\":\"https:\/\/revuedestemps.com\/index.php\/2026\/01\/23\/entretien-avec-maryna-kumeda-auteure-de-lamour-en-temps-de-guerre\/\",\"url\":\"https:\/\/revuedestemps.com\/index.php\/2026\/01\/23\/entretien-avec-maryna-kumeda-auteure-de-lamour-en-temps-de-guerre\/\",\"name\":\"Entretien avec Maryna Kumeda, auteure de L\u2019amour en temps de guerre. - Revue des Temps\",\"isPartOf\":{\"@id\":\"https:\/\/revuedestemps.com\/#website\"},\"primaryImageOfPage\":{\"@id\":\"https:\/\/revuedestemps.com\/index.php\/2026\/01\/23\/entretien-avec-maryna-kumeda-auteure-de-lamour-en-temps-de-guerre\/#primaryimage\"},\"image\":{\"@id\":\"https:\/\/revuedestemps.com\/index.php\/2026\/01\/23\/entretien-avec-maryna-kumeda-auteure-de-lamour-en-temps-de-guerre\/#primaryimage\"},\"thumbnailUrl\":\"https:\/\/revuedestemps.com\/wp-content\/uploads\/2026\/01\/Copie-de-Copie-de-Copie-de-Copie-de-Octobre-2024-2-scaled.png\",\"datePublished\":\"2026-01-23T12:56:25+00:00\",\"dateModified\":\"2026-03-08T11:11:22+00:00\",\"breadcrumb\":{\"@id\":\"https:\/\/revuedestemps.com\/index.php\/2026\/01\/23\/entretien-avec-maryna-kumeda-auteure-de-lamour-en-temps-de-guerre\/#breadcrumb\"},\"inLanguage\":\"fr-FR\",\"potentialAction\":[{\"@type\":\"ReadAction\",\"target\":[\"https:\/\/revuedestemps.com\/index.php\/2026\/01\/23\/entretien-avec-maryna-kumeda-auteure-de-lamour-en-temps-de-guerre\/\"]}]},{\"@type\":\"ImageObject\",\"inLanguage\":\"fr-FR\",\"@id\":\"https:\/\/revuedestemps.com\/index.php\/2026\/01\/23\/entretien-avec-maryna-kumeda-auteure-de-lamour-en-temps-de-guerre\/#primaryimage\",\"url\":\"https:\/\/revuedestemps.com\/wp-content\/uploads\/2026\/01\/Copie-de-Copie-de-Copie-de-Copie-de-Octobre-2024-2-scaled.png\",\"contentUrl\":\"https:\/\/revuedestemps.com\/wp-content\/uploads\/2026\/01\/Copie-de-Copie-de-Copie-de-Copie-de-Octobre-2024-2-scaled.png\",\"width\":2560,\"height\":1280},{\"@type\":\"BreadcrumbList\",\"@id\":\"https:\/\/revuedestemps.com\/index.php\/2026\/01\/23\/entretien-avec-maryna-kumeda-auteure-de-lamour-en-temps-de-guerre\/#breadcrumb\",\"itemListElement\":[{\"@type\":\"ListItem\",\"position\":1,\"name\":\"Accueil\",\"item\":\"https:\/\/revuedestemps.com\/\"},{\"@type\":\"ListItem\",\"position\":2,\"name\":\"Entretien avec Maryna Kumeda, auteure de L\u2019amour en temps de guerre.\"}]},{\"@type\":\"WebSite\",\"@id\":\"https:\/\/revuedestemps.com\/#website\",\"url\":\"https:\/\/revuedestemps.com\/\",\"name\":\"Revue des Temps\",\"description\":\"L&#039;actualit\u00e9 politique et culturelle sous tous les angles. Revue fond\u00e9e par Gaspard Rambel en novembre 2023.\",\"publisher\":{\"@id\":\"https:\/\/revuedestemps.com\/#organization\"},\"potentialAction\":[{\"@type\":\"SearchAction\",\"target\":{\"@type\":\"EntryPoint\",\"urlTemplate\":\"https:\/\/revuedestemps.com\/?s={search_term_string}\"},\"query-input\":{\"@type\":\"PropertyValueSpecification\",\"valueRequired\":true,\"valueName\":\"search_term_string\"}}],\"inLanguage\":\"fr-FR\"},{\"@type\":\"Organization\",\"@id\":\"https:\/\/revuedestemps.com\/#organization\",\"name\":\"Revue des Temps\",\"url\":\"https:\/\/revuedestemps.com\/\",\"logo\":{\"@type\":\"ImageObject\",\"inLanguage\":\"fr-FR\",\"@id\":\"https:\/\/revuedestemps.com\/#\/schema\/logo\/image\/\",\"url\":\"https:\/\/revuedestemps.com\/wp-content\/uploads\/2024\/03\/sticker-vintage-carte-map-monde-black-white-edited.jpg\",\"contentUrl\":\"https:\/\/revuedestemps.com\/wp-content\/uploads\/2024\/03\/sticker-vintage-carte-map-monde-black-white-edited.jpg\",\"width\":528,\"height\":528,\"caption\":\"Revue des Temps\"},\"image\":{\"@id\":\"https:\/\/revuedestemps.com\/#\/schema\/logo\/image\/\"}},{\"@type\":\"Person\",\"@id\":\"https:\/\/revuedestemps.com\/#\/schema\/person\/5dd0a03a675e44a338960d747e469d8f\",\"name\":\"Gaspard Rambel\",\"image\":{\"@type\":\"ImageObject\",\"inLanguage\":\"fr-FR\",\"@id\":\"https:\/\/revuedestemps.com\/#\/schema\/person\/image\/\",\"url\":\"https:\/\/secure.gravatar.com\/avatar\/c781574b7a9ec142e7aa58e2f42bc92245a3ef4968a31659d97245b1c5fb9154?s=96&d=mm&r=g\",\"contentUrl\":\"https:\/\/secure.gravatar.com\/avatar\/c781574b7a9ec142e7aa58e2f42bc92245a3ef4968a31659d97245b1c5fb9154?s=96&d=mm&r=g\",\"caption\":\"Gaspard Rambel\"},\"url\":\"https:\/\/revuedestemps.com\/index.php\/author\/gaspard\/\"}]}<\/script>\n<!-- \/ Yoast SEO plugin. -->","yoast_head_json":{"title":"Entretien avec Maryna Kumeda, auteure de L\u2019amour en temps de guerre. - Revue des Temps","robots":{"index":"index","follow":"follow","max-snippet":"max-snippet:-1","max-image-preview":"max-image-preview:large","max-video-preview":"max-video-preview:-1"},"canonical":"https:\/\/revuedestemps.com\/index.php\/2026\/01\/23\/entretien-avec-maryna-kumeda-auteure-de-lamour-en-temps-de-guerre\/","og_locale":"fr_FR","og_type":"article","og_title":"Entretien avec Maryna Kumeda, auteure de L\u2019amour en temps de guerre. - Revue des Temps","og_description":"Gaspard Rambel : Comment est n\u00e9e cette id\u00e9e de r\u00e9colter des t\u00e9moignages concernant les relations amoureuses des soldats ukrainiens sur le front ? Maryna Kumeda : L\u2019origine de ce livre vient du d\u00e9sir de documenter la mani\u00e8re dont l\u2019intime se transforme en temps de guerre. Je voulais explorer comment on vit les relations, l\u2019amour, les [&hellip;]","og_url":"https:\/\/revuedestemps.com\/index.php\/2026\/01\/23\/entretien-avec-maryna-kumeda-auteure-de-lamour-en-temps-de-guerre\/","og_site_name":"Revue des Temps","article_published_time":"2026-01-23T12:56:25+00:00","article_modified_time":"2026-03-08T11:11:22+00:00","og_image":[{"width":2560,"height":1280,"url":"http:\/\/revuedestemps.com\/wp-content\/uploads\/2026\/01\/Copie-de-Copie-de-Copie-de-Copie-de-Octobre-2024-2-scaled.png","type":"image\/png"}],"author":"Gaspard Rambel","twitter_card":"summary_large_image","twitter_misc":{"\u00c9crit par":"Gaspard Rambel","Dur\u00e9e de lecture estim\u00e9e":"7 minutes"},"schema":{"@context":"https:\/\/schema.org","@graph":[{"@type":"Article","@id":"https:\/\/revuedestemps.com\/index.php\/2026\/01\/23\/entretien-avec-maryna-kumeda-auteure-de-lamour-en-temps-de-guerre\/#article","isPartOf":{"@id":"https:\/\/revuedestemps.com\/index.php\/2026\/01\/23\/entretien-avec-maryna-kumeda-auteure-de-lamour-en-temps-de-guerre\/"},"author":{"name":"Gaspard Rambel","@id":"https:\/\/revuedestemps.com\/#\/schema\/person\/5dd0a03a675e44a338960d747e469d8f"},"headline":"Entretien avec Maryna Kumeda, auteure de L\u2019amour en temps de guerre.","datePublished":"2026-01-23T12:56:25+00:00","dateModified":"2026-03-08T11:11:22+00:00","mainEntityOfPage":{"@id":"https:\/\/revuedestemps.com\/index.php\/2026\/01\/23\/entretien-avec-maryna-kumeda-auteure-de-lamour-en-temps-de-guerre\/"},"wordCount":1463,"commentCount":0,"publisher":{"@id":"https:\/\/revuedestemps.com\/#organization"},"image":{"@id":"https:\/\/revuedestemps.com\/index.php\/2026\/01\/23\/entretien-avec-maryna-kumeda-auteure-de-lamour-en-temps-de-guerre\/#primaryimage"},"thumbnailUrl":"https:\/\/revuedestemps.com\/wp-content\/uploads\/2026\/01\/Copie-de-Copie-de-Copie-de-Copie-de-Octobre-2024-2-scaled.png","keywords":["Janvier"],"articleSection":["Litt\u00e9rature","Recensions litt\u00e9raires"],"inLanguage":"fr-FR","potentialAction":[{"@type":"CommentAction","name":"Comment","target":["https:\/\/revuedestemps.com\/index.php\/2026\/01\/23\/entretien-avec-maryna-kumeda-auteure-de-lamour-en-temps-de-guerre\/#respond"]}]},{"@type":"WebPage","@id":"https:\/\/revuedestemps.com\/index.php\/2026\/01\/23\/entretien-avec-maryna-kumeda-auteure-de-lamour-en-temps-de-guerre\/","url":"https:\/\/revuedestemps.com\/index.php\/2026\/01\/23\/entretien-avec-maryna-kumeda-auteure-de-lamour-en-temps-de-guerre\/","name":"Entretien avec Maryna Kumeda, auteure de L\u2019amour en temps de guerre. - Revue des Temps","isPartOf":{"@id":"https:\/\/revuedestemps.com\/#website"},"primaryImageOfPage":{"@id":"https:\/\/revuedestemps.com\/index.php\/2026\/01\/23\/entretien-avec-maryna-kumeda-auteure-de-lamour-en-temps-de-guerre\/#primaryimage"},"image":{"@id":"https:\/\/revuedestemps.com\/index.php\/2026\/01\/23\/entretien-avec-maryna-kumeda-auteure-de-lamour-en-temps-de-guerre\/#primaryimage"},"thumbnailUrl":"https:\/\/revuedestemps.com\/wp-content\/uploads\/2026\/01\/Copie-de-Copie-de-Copie-de-Copie-de-Octobre-2024-2-scaled.png","datePublished":"2026-01-23T12:56:25+00:00","dateModified":"2026-03-08T11:11:22+00:00","breadcrumb":{"@id":"https:\/\/revuedestemps.com\/index.php\/2026\/01\/23\/entretien-avec-maryna-kumeda-auteure-de-lamour-en-temps-de-guerre\/#breadcrumb"},"inLanguage":"fr-FR","potentialAction":[{"@type":"ReadAction","target":["https:\/\/revuedestemps.com\/index.php\/2026\/01\/23\/entretien-avec-maryna-kumeda-auteure-de-lamour-en-temps-de-guerre\/"]}]},{"@type":"ImageObject","inLanguage":"fr-FR","@id":"https:\/\/revuedestemps.com\/index.php\/2026\/01\/23\/entretien-avec-maryna-kumeda-auteure-de-lamour-en-temps-de-guerre\/#primaryimage","url":"https:\/\/revuedestemps.com\/wp-content\/uploads\/2026\/01\/Copie-de-Copie-de-Copie-de-Copie-de-Octobre-2024-2-scaled.png","contentUrl":"https:\/\/revuedestemps.com\/wp-content\/uploads\/2026\/01\/Copie-de-Copie-de-Copie-de-Copie-de-Octobre-2024-2-scaled.png","width":2560,"height":1280},{"@type":"BreadcrumbList","@id":"https:\/\/revuedestemps.com\/index.php\/2026\/01\/23\/entretien-avec-maryna-kumeda-auteure-de-lamour-en-temps-de-guerre\/#breadcrumb","itemListElement":[{"@type":"ListItem","position":1,"name":"Accueil","item":"https:\/\/revuedestemps.com\/"},{"@type":"ListItem","position":2,"name":"Entretien avec Maryna Kumeda, auteure de L\u2019amour en temps de guerre."}]},{"@type":"WebSite","@id":"https:\/\/revuedestemps.com\/#website","url":"https:\/\/revuedestemps.com\/","name":"Revue des Temps","description":"L&#039;actualit\u00e9 politique et culturelle sous tous les angles. Revue fond\u00e9e par Gaspard Rambel en novembre 2023.","publisher":{"@id":"https:\/\/revuedestemps.com\/#organization"},"potentialAction":[{"@type":"SearchAction","target":{"@type":"EntryPoint","urlTemplate":"https:\/\/revuedestemps.com\/?s={search_term_string}"},"query-input":{"@type":"PropertyValueSpecification","valueRequired":true,"valueName":"search_term_string"}}],"inLanguage":"fr-FR"},{"@type":"Organization","@id":"https:\/\/revuedestemps.com\/#organization","name":"Revue des Temps","url":"https:\/\/revuedestemps.com\/","logo":{"@type":"ImageObject","inLanguage":"fr-FR","@id":"https:\/\/revuedestemps.com\/#\/schema\/logo\/image\/","url":"https:\/\/revuedestemps.com\/wp-content\/uploads\/2024\/03\/sticker-vintage-carte-map-monde-black-white-edited.jpg","contentUrl":"https:\/\/revuedestemps.com\/wp-content\/uploads\/2024\/03\/sticker-vintage-carte-map-monde-black-white-edited.jpg","width":528,"height":528,"caption":"Revue des Temps"},"image":{"@id":"https:\/\/revuedestemps.com\/#\/schema\/logo\/image\/"}},{"@type":"Person","@id":"https:\/\/revuedestemps.com\/#\/schema\/person\/5dd0a03a675e44a338960d747e469d8f","name":"Gaspard Rambel","image":{"@type":"ImageObject","inLanguage":"fr-FR","@id":"https:\/\/revuedestemps.com\/#\/schema\/person\/image\/","url":"https:\/\/secure.gravatar.com\/avatar\/c781574b7a9ec142e7aa58e2f42bc92245a3ef4968a31659d97245b1c5fb9154?s=96&d=mm&r=g","contentUrl":"https:\/\/secure.gravatar.com\/avatar\/c781574b7a9ec142e7aa58e2f42bc92245a3ef4968a31659d97245b1c5fb9154?s=96&d=mm&r=g","caption":"Gaspard Rambel"},"url":"https:\/\/revuedestemps.com\/index.php\/author\/gaspard\/"}]}},"_links":{"self":[{"href":"https:\/\/revuedestemps.com\/index.php\/wp-json\/wp\/v2\/posts\/5129","targetHints":{"allow":["GET"]}}],"collection":[{"href":"https:\/\/revuedestemps.com\/index.php\/wp-json\/wp\/v2\/posts"}],"about":[{"href":"https:\/\/revuedestemps.com\/index.php\/wp-json\/wp\/v2\/types\/post"}],"author":[{"embeddable":true,"href":"https:\/\/revuedestemps.com\/index.php\/wp-json\/wp\/v2\/users\/3"}],"replies":[{"embeddable":true,"href":"https:\/\/revuedestemps.com\/index.php\/wp-json\/wp\/v2\/comments?post=5129"}],"version-history":[{"count":4,"href":"https:\/\/revuedestemps.com\/index.php\/wp-json\/wp\/v2\/posts\/5129\/revisions"}],"predecessor-version":[{"id":5145,"href":"https:\/\/revuedestemps.com\/index.php\/wp-json\/wp\/v2\/posts\/5129\/revisions\/5145"}],"wp:featuredmedia":[{"embeddable":true,"href":"https:\/\/revuedestemps.com\/index.php\/wp-json\/wp\/v2\/media\/5392"}],"wp:attachment":[{"href":"https:\/\/revuedestemps.com\/index.php\/wp-json\/wp\/v2\/media?parent=5129"}],"wp:term":[{"taxonomy":"category","embeddable":true,"href":"https:\/\/revuedestemps.com\/index.php\/wp-json\/wp\/v2\/categories?post=5129"},{"taxonomy":"post_tag","embeddable":true,"href":"https:\/\/revuedestemps.com\/index.php\/wp-json\/wp\/v2\/tags?post=5129"}],"curies":[{"name":"wp","href":"https:\/\/api.w.org\/{rel}","templated":true}]}}