{"id":5544,"date":"2026-04-06T20:33:10","date_gmt":"2026-04-06T18:33:10","guid":{"rendered":"https:\/\/revuedestemps.com\/?p=5544"},"modified":"2026-04-06T23:23:22","modified_gmt":"2026-04-06T21:23:22","slug":"ue-et-royaume-uni-resserrent-leurs-liens-face-aux-tensions-internationales","status":"publish","type":"post","link":"https:\/\/revuedestemps.com\/index.php\/2026\/04\/06\/ue-et-royaume-uni-resserrent-leurs-liens-face-aux-tensions-internationales\/","title":{"rendered":"L&rsquo;Union europ\u00e9enne et le Royaume-Uni resserrent leurs liens face aux tensions internationales."},"content":{"rendered":"<h4>Lors de la Conf\u00e9rence de Munich sur la s\u00e9curit\u00e9 qui s\u2019est tenue entre le 13 et le 15 f\u00e9vrier 2026, la pr\u00e9sidente de la Commission europ\u00e9enne a consid\u00e9r\u00e9 qu&rsquo;en cette p\u00e9riode extr\u00eamement instable, l\u2019Europe et le Royaume-Uni devaient se rapprocher, indiquant que leur avenir \u00e9tait \u201cplus que jamais li\u00e9\u201d.<\/h4>\n<h4>Face au retour des conflits arm\u00e9s en Europe, la question des coop\u00e9rations, voire des alliances entre \u00c9tats, est de mise. Les liens inter\u00e9tatiques, particuli\u00e8rement transatlantiques, sont d\u2019autant plus au centre des interrogations depuis le retour de Donald Trump \u00e0 la Maison-Blanche. Le 47e pr\u00e9sident des \u00c9tats-Unis a act\u00e9 de fa\u00e7on brutale le pivot de Washington vers l\u2019Asie. Ce tournant avait d\u00e9j\u00e0 \u00e9t\u00e9 initi\u00e9 en 2011 par Barack Obama.<\/h4>\n<h4>D\u00e8s le 7 janvier 2025, soit avant m\u00eame son investiture, Donald Trump a annonc\u00e9 sa doctrine dite \u201cMar-A-Lago\u201d. Il a exig\u00e9 que chacun des membres de l\u2019OTAN alloue 5 % de leur PIB au budget de la d\u00e9fense, bien au-del\u00e0 de l\u2019objectif pr\u00e9c\u00e9dent de 2 % du PIB fix\u00e9 depuis 2014. Cette exigence a conduit \u00e0 adopter, lors d\u2019un sommet de l\u2019OTAN qui s\u2019est tenu les 24 et 25 juin 2025, un accord selon lequel les \u00c9tats membres de l\u2019OTAN porteront \u00e0 5 % de leur PIB les d\u00e9penses en mati\u00e8re de d\u00e9fense et de s\u00e9curit\u00e9 d\u2019ici 2035.<\/h4>\n<h4>Au regard des d\u00e9saccords sur les positions \u00e0 adopter face \u00e0 l\u2019invasion russe de l\u2019Ukraine et s\u2019agissant des budgets allou\u00e9s \u00e0 la d\u00e9fense par les membres de l\u2019OTAN, on observe un rapprochement entre le Royaume-Uni (R-U) et l\u2019Union europ\u00e9enne (UE) depuis 2025. Un rapprochement d\u00e9j\u00e0 souhait\u00e9 par le Premier ministre britannique depuis sa prise de fonction en juillet 2024 \u00e0 travers sa politique de \u201creset\u201d afin de repositionner les relations du R-U avec l\u2019UE.<\/h4>\n<h4>Un rapprochement, d\u2019abord, face aux tensions \u00e9conomiques d\u00e9j\u00e0 pr\u00e9sentes \u00e0 la suite du Brexit, notamment en mati\u00e8re de p\u00eache, et eu \u00e9gard aux taxes douani\u00e8res que Donald Trump a tent\u00e9 de mettre en place apr\u00e8s sa prise de fonction. Les ann\u00e9es faisant suite au Brexit ont \u00e9t\u00e9 le th\u00e9\u00e2tre de tensions concernant ce secteur d\u2019activit\u00e9, au sujet de l\u2019acc\u00e8s \u00e0 certaines zones telles que les eaux britanniques et s\u2019agissant des quotas s\u2019y rapportant. Ces frictions ont \u00e9t\u00e9 renforc\u00e9es par des divergences r\u00e9glementaires entre le Royaume-Uni et l\u2019Union europ\u00e9enne en mati\u00e8re de politique de concurrence (antitrust). \u00c0 la suite du Brexit, un cadre de coop\u00e9ration a \u00e9t\u00e9 \u00e9tabli par l\u2019Accord de commerce et de coop\u00e9ration entre l\u2019Union europ\u00e9enne et le Royaume-Uni, sign\u00e9 le 30 d\u00e9cembre 2020 et entr\u00e9 en vigueur le 1er janvier 2021. Cet accord pr\u00e9voit des m\u00e9canismes de coordination, notamment un syst\u00e8me de notification et de coop\u00e9ration entre la Commission europ\u00e9enne, les autorit\u00e9s nationales de concurrence des \u00c9tats membres et la Competition and Markets Authority, afin d\u2019encadrer l\u2019application des r\u00e8gles de concurrence dans ce nouveau contexte juridique. Selon Teresa Ribera, vice-pr\u00e9sidente de la Commission et commissaire \u00e0 la concurrence, cela a \u00e9t\u00e9 fait dans le but de \u201cmaintenir des march\u00e9s \u00e9quitables et comp\u00e9titifs\u201d.<\/h4>\n<h4>On constate que les tentatives de mise \u00e0 bas du multilat\u00e9ralisme de Donald Trump, \u00e0 travers ses droits de douane, ont eu pour cons\u00e9quence d\u2019acc\u00e9l\u00e9rer le rapprochement entre le Vieux Continent et le R-U.<\/h4>\n<h4>Par ailleurs, un nouveau partenariat strat\u00e9gique sur la s\u00e9curit\u00e9, la d\u00e9fense et les \u00e9changes commerciaux, en date du 19 mai 2025, a \u00e9t\u00e9 \u00e9tabli. Il permet de reconduire l\u2019acc\u00e8s des p\u00eacheurs europ\u00e9ens aux eaux britanniques jusqu\u2019en 2038, et de faciliter l\u2019exportation de produits alimentaires depuis le R-U vers le march\u00e9 europ\u00e9en, par un alignement des Britanniques sur les r\u00e8gles sanitaires europ\u00e9ennes.<\/h4>\n<h4>De la m\u00eame mani\u00e8re, les fragmentations multiples des relations internationales et du cadre existant depuis 1945, tant concernant les institutions que le droit international, ont conduit les Europ\u00e9ens et les Britanniques \u00e0 se rapprocher en mati\u00e8re de d\u00e9fense. Ce mouvement a \u00e9t\u00e9 acc\u00e9l\u00e9r\u00e9 \u00e0 la suite de certaines vell\u00e9it\u00e9s exprim\u00e9es par Donald Trump s\u2019agissant du Groenland.<\/h4>\n<h4>Le partenariat strat\u00e9gique susmentionn\u00e9 permet de renforcer la coop\u00e9ration en mati\u00e8re strat\u00e9gique et militaire et permettra aux industriels britanniques d\u2019acc\u00e9der au fonds europ\u00e9en SAFE. Celui-ci est estim\u00e9 \u00e0 150 milliards d\u2019euros et son objectif est de permettre le r\u00e9armement des \u00c9tats membres de l\u2019UE.<\/h4>\n<h4>Les relations franco-britanniques se sont \u00e9galement r\u00e9chauff\u00e9es. En mati\u00e8re de d\u00e9fense, les Fran\u00e7ais et les Britanniques sont les seuls \u00c9tats europ\u00e9ens \u00e0 disposer de l\u2019arme nucl\u00e9aire. Les Fran\u00e7ais le sont d\u2019ailleurs de fa\u00e7on autonome, car ils peuvent d\u00e9ployer le parapluie nucl\u00e9aire pour prot\u00e9ger les autres \u00c9tats membres. Lors du 37e sommet franco-britannique de juillet 2025, et dans la continuit\u00e9 de cette relation bilat\u00e9rale, les deux \u00c9tats ont annonc\u00e9 le programme Lancaster House 2.0. Celui-ci vise \u00e0 moderniser la coop\u00e9ration issue des trait\u00e9s de Lancaster House de 2010. Il y est pr\u00e9vu la coordination des forces nucl\u00e9aires \u00e0 travers un groupe de pilotage France-Royaume-Uni. Cette force conjointe est aux avant-postes de la coalition des volontaires : \u201cafin de mettre en place une capacit\u00e9 partag\u00e9e d&rsquo;une ampleur suffisante pour la conduite de la guerre et pr\u00eate \u00e0 op\u00e9rer dans tous les domaines, y compris l&rsquo;espace et le cyber\u201d, selon le pr\u00e9sident de la R\u00e9publique fran\u00e7aise.<\/h4>\n<h4>Au-del\u00e0 de ces rapprochements concr\u00e9tis\u00e9s par des accords dans diff\u00e9rents domaines, le rapprochement est apparent \u00e0 travers les positions similaires adopt\u00e9es entre les pays de l\u2019UE et le R-U face aux diff\u00e9rentes crises. S\u2019agissant du conflit russo-ukrainien, les positions britanniques convergent avec celles des pays de l\u2019UE en ce qu\u2019ils souhaitent, chacun, apporter un soutien constant face \u00e0 l\u2019agression russe, tant sur le plan financier qu\u2019en mati\u00e8re de fourniture d\u2019armements. Dans le m\u00eame sens, concernant le conflit isra\u00e9lo-palestinien, \u00e0 la suite de l\u2019annonce par le pr\u00e9sident de la R\u00e9publique fran\u00e7aise de la reconnaissance de l\u2019\u00c9tat de Palestine devant l\u2019Assembl\u00e9e des Nations unies, le R-U a reconnu la Palestine en tant qu\u2019\u00c9tat la veille de la reconnaissance fran\u00e7aise, le 22 septembre 2025, malgr\u00e9 des critiques quant \u00e0 la l\u00e9gitimit\u00e9 d\u2019une telle action \u00e9tant donn\u00e9 que le Hamas, en tant qu\u2019organisation terroriste, revendique le pouvoir sur ce territoire.<\/h4>\n<h4>Pour autant, ces rapprochements ne doivent pas cacher qu\u2019une r\u00e9elle fracture s\u2019est op\u00e9r\u00e9e depuis le Brexit. D\u2019une part, une crainte constante demeure au R-U d\u2019un contr\u00f4le par les r\u00e8gles europ\u00e9ennes. D\u2019autre part, les Britanniques sont particuli\u00e8rement attach\u00e9s \u00e0 leur \u201cbonne\u201d relation transatlantique. C\u2019est cet \u00e9quilibre entre ces deux bonnes ententes que Londres cherche \u00e0 conserver, malgr\u00e9 les bouleversements g\u00e9opolitiques auxquels elle est confront\u00e9e.<\/h4>\n<h4>Eliott Bell<\/h4>\n<h4>Instagram\u00a0: eliott_bl<\/h4>\n","protected":false},"excerpt":{"rendered":"<p>Lors de la Conf\u00e9rence de Munich sur la s\u00e9curit\u00e9 qui s\u2019est tenue entre le 13 et le 15 f\u00e9vrier 2026, la pr\u00e9sidente de la Commission europ\u00e9enne a consid\u00e9r\u00e9 qu&rsquo;en cette p\u00e9riode extr\u00eamement instable, l\u2019Europe et le Royaume-Uni devaient se rapprocher, indiquant que leur avenir \u00e9tait \u201cplus que jamais li\u00e9\u201d. Face au retour des conflits arm\u00e9s [&hellip;]<\/p>\n","protected":false},"author":39,"featured_media":5549,"comment_status":"open","ping_status":"open","sticky":false,"template":"","format":"standard","meta":{"footnotes":""},"categories":[16],"tags":[55],"class_list":["post-5544","post","type-post","status-publish","format-standard","has-post-thumbnail","hentry","category-politique","tag-avril2026"],"yoast_head":"<!-- This site is optimized with the Yoast SEO plugin v26.1.1 - https:\/\/yoast.com\/wordpress\/plugins\/seo\/ -->\n<title>L&#039;Union europ\u00e9enne et le Royaume-Uni resserrent leurs liens face aux tensions internationales. - Revue des Temps<\/title>\n<meta name=\"robots\" content=\"index, follow, max-snippet:-1, max-image-preview:large, max-video-preview:-1\" \/>\n<link rel=\"canonical\" href=\"https:\/\/revuedestemps.com\/index.php\/2026\/04\/06\/ue-et-royaume-uni-resserrent-leurs-liens-face-aux-tensions-internationales\/\" \/>\n<meta property=\"og:locale\" content=\"fr_FR\" \/>\n<meta property=\"og:type\" content=\"article\" \/>\n<meta property=\"og:title\" content=\"L&#039;Union europ\u00e9enne et le Royaume-Uni resserrent leurs liens face aux tensions internationales. - Revue des Temps\" \/>\n<meta property=\"og:description\" content=\"Lors de la Conf\u00e9rence de Munich sur la s\u00e9curit\u00e9 qui s\u2019est tenue entre le 13 et le 15 f\u00e9vrier 2026, la pr\u00e9sidente de la Commission europ\u00e9enne a consid\u00e9r\u00e9 qu&rsquo;en cette p\u00e9riode extr\u00eamement instable, l\u2019Europe et le Royaume-Uni devaient se rapprocher, indiquant que leur avenir \u00e9tait \u201cplus que jamais li\u00e9\u201d. Face au retour des conflits arm\u00e9s [&hellip;]\" \/>\n<meta property=\"og:url\" content=\"https:\/\/revuedestemps.com\/index.php\/2026\/04\/06\/ue-et-royaume-uni-resserrent-leurs-liens-face-aux-tensions-internationales\/\" \/>\n<meta property=\"og:site_name\" content=\"Revue des Temps\" \/>\n<meta property=\"article:published_time\" content=\"2026-04-06T18:33:10+00:00\" \/>\n<meta property=\"article:modified_time\" content=\"2026-04-06T21:23:22+00:00\" \/>\n<meta property=\"og:image\" content=\"http:\/\/revuedestemps.com\/wp-content\/uploads\/2026\/04\/Copie-de-Copie-de-Copie-de-Copie-de-Octobre-2024-11-scaled.png\" \/>\n\t<meta property=\"og:image:width\" content=\"2560\" \/>\n\t<meta property=\"og:image:height\" content=\"1280\" \/>\n\t<meta property=\"og:image:type\" content=\"image\/png\" \/>\n<meta name=\"author\" content=\"Eliott Bell\" \/>\n<meta name=\"twitter:card\" content=\"summary_large_image\" \/>\n<meta name=\"twitter:label1\" content=\"\u00c9crit par\" \/>\n\t<meta name=\"twitter:data1\" content=\"Eliott Bell\" \/>\n\t<meta name=\"twitter:label2\" content=\"Dur\u00e9e de lecture estim\u00e9e\" \/>\n\t<meta name=\"twitter:data2\" content=\"6 minutes\" \/>\n<script type=\"application\/ld+json\" class=\"yoast-schema-graph\">{\"@context\":\"https:\/\/schema.org\",\"@graph\":[{\"@type\":\"Article\",\"@id\":\"https:\/\/revuedestemps.com\/index.php\/2026\/04\/06\/ue-et-royaume-uni-resserrent-leurs-liens-face-aux-tensions-internationales\/#article\",\"isPartOf\":{\"@id\":\"https:\/\/revuedestemps.com\/index.php\/2026\/04\/06\/ue-et-royaume-uni-resserrent-leurs-liens-face-aux-tensions-internationales\/\"},\"author\":{\"name\":\"Eliott Bell\",\"@id\":\"https:\/\/revuedestemps.com\/#\/schema\/person\/707d96af41ebab6bd82c91edd86825d1\"},\"headline\":\"L&rsquo;Union europ\u00e9enne et le Royaume-Uni resserrent leurs liens face aux tensions internationales.\",\"datePublished\":\"2026-04-06T18:33:10+00:00\",\"dateModified\":\"2026-04-06T21:23:22+00:00\",\"mainEntityOfPage\":{\"@id\":\"https:\/\/revuedestemps.com\/index.php\/2026\/04\/06\/ue-et-royaume-uni-resserrent-leurs-liens-face-aux-tensions-internationales\/\"},\"wordCount\":1198,\"commentCount\":0,\"publisher\":{\"@id\":\"https:\/\/revuedestemps.com\/#organization\"},\"image\":{\"@id\":\"https:\/\/revuedestemps.com\/index.php\/2026\/04\/06\/ue-et-royaume-uni-resserrent-leurs-liens-face-aux-tensions-internationales\/#primaryimage\"},\"thumbnailUrl\":\"https:\/\/revuedestemps.com\/wp-content\/uploads\/2026\/04\/Copie-de-Copie-de-Copie-de-Copie-de-Octobre-2024-11-scaled.png\",\"keywords\":[\"avril2026\"],\"articleSection\":[\"Politique\"],\"inLanguage\":\"fr-FR\",\"potentialAction\":[{\"@type\":\"CommentAction\",\"name\":\"Comment\",\"target\":[\"https:\/\/revuedestemps.com\/index.php\/2026\/04\/06\/ue-et-royaume-uni-resserrent-leurs-liens-face-aux-tensions-internationales\/#respond\"]}]},{\"@type\":\"WebPage\",\"@id\":\"https:\/\/revuedestemps.com\/index.php\/2026\/04\/06\/ue-et-royaume-uni-resserrent-leurs-liens-face-aux-tensions-internationales\/\",\"url\":\"https:\/\/revuedestemps.com\/index.php\/2026\/04\/06\/ue-et-royaume-uni-resserrent-leurs-liens-face-aux-tensions-internationales\/\",\"name\":\"L'Union europ\u00e9enne et le Royaume-Uni resserrent leurs liens face aux tensions internationales. - Revue des Temps\",\"isPartOf\":{\"@id\":\"https:\/\/revuedestemps.com\/#website\"},\"primaryImageOfPage\":{\"@id\":\"https:\/\/revuedestemps.com\/index.php\/2026\/04\/06\/ue-et-royaume-uni-resserrent-leurs-liens-face-aux-tensions-internationales\/#primaryimage\"},\"image\":{\"@id\":\"https:\/\/revuedestemps.com\/index.php\/2026\/04\/06\/ue-et-royaume-uni-resserrent-leurs-liens-face-aux-tensions-internationales\/#primaryimage\"},\"thumbnailUrl\":\"https:\/\/revuedestemps.com\/wp-content\/uploads\/2026\/04\/Copie-de-Copie-de-Copie-de-Copie-de-Octobre-2024-11-scaled.png\",\"datePublished\":\"2026-04-06T18:33:10+00:00\",\"dateModified\":\"2026-04-06T21:23:22+00:00\",\"breadcrumb\":{\"@id\":\"https:\/\/revuedestemps.com\/index.php\/2026\/04\/06\/ue-et-royaume-uni-resserrent-leurs-liens-face-aux-tensions-internationales\/#breadcrumb\"},\"inLanguage\":\"fr-FR\",\"potentialAction\":[{\"@type\":\"ReadAction\",\"target\":[\"https:\/\/revuedestemps.com\/index.php\/2026\/04\/06\/ue-et-royaume-uni-resserrent-leurs-liens-face-aux-tensions-internationales\/\"]}]},{\"@type\":\"ImageObject\",\"inLanguage\":\"fr-FR\",\"@id\":\"https:\/\/revuedestemps.com\/index.php\/2026\/04\/06\/ue-et-royaume-uni-resserrent-leurs-liens-face-aux-tensions-internationales\/#primaryimage\",\"url\":\"https:\/\/revuedestemps.com\/wp-content\/uploads\/2026\/04\/Copie-de-Copie-de-Copie-de-Copie-de-Octobre-2024-11-scaled.png\",\"contentUrl\":\"https:\/\/revuedestemps.com\/wp-content\/uploads\/2026\/04\/Copie-de-Copie-de-Copie-de-Copie-de-Octobre-2024-11-scaled.png\",\"width\":2560,\"height\":1280},{\"@type\":\"BreadcrumbList\",\"@id\":\"https:\/\/revuedestemps.com\/index.php\/2026\/04\/06\/ue-et-royaume-uni-resserrent-leurs-liens-face-aux-tensions-internationales\/#breadcrumb\",\"itemListElement\":[{\"@type\":\"ListItem\",\"position\":1,\"name\":\"Accueil\",\"item\":\"https:\/\/revuedestemps.com\/\"},{\"@type\":\"ListItem\",\"position\":2,\"name\":\"L&rsquo;Union europ\u00e9enne et le Royaume-Uni resserrent leurs liens face aux tensions internationales.\"}]},{\"@type\":\"WebSite\",\"@id\":\"https:\/\/revuedestemps.com\/#website\",\"url\":\"https:\/\/revuedestemps.com\/\",\"name\":\"Revue des Temps\",\"description\":\"L&#039;actualit\u00e9 politique et culturelle sous tous les angles. Revue fond\u00e9e par Gaspard Rambel en novembre 2023.\",\"publisher\":{\"@id\":\"https:\/\/revuedestemps.com\/#organization\"},\"potentialAction\":[{\"@type\":\"SearchAction\",\"target\":{\"@type\":\"EntryPoint\",\"urlTemplate\":\"https:\/\/revuedestemps.com\/?s={search_term_string}\"},\"query-input\":{\"@type\":\"PropertyValueSpecification\",\"valueRequired\":true,\"valueName\":\"search_term_string\"}}],\"inLanguage\":\"fr-FR\"},{\"@type\":\"Organization\",\"@id\":\"https:\/\/revuedestemps.com\/#organization\",\"name\":\"Revue des Temps\",\"url\":\"https:\/\/revuedestemps.com\/\",\"logo\":{\"@type\":\"ImageObject\",\"inLanguage\":\"fr-FR\",\"@id\":\"https:\/\/revuedestemps.com\/#\/schema\/logo\/image\/\",\"url\":\"https:\/\/revuedestemps.com\/wp-content\/uploads\/2024\/03\/sticker-vintage-carte-map-monde-black-white-edited.jpg\",\"contentUrl\":\"https:\/\/revuedestemps.com\/wp-content\/uploads\/2024\/03\/sticker-vintage-carte-map-monde-black-white-edited.jpg\",\"width\":528,\"height\":528,\"caption\":\"Revue des Temps\"},\"image\":{\"@id\":\"https:\/\/revuedestemps.com\/#\/schema\/logo\/image\/\"}},{\"@type\":\"Person\",\"@id\":\"https:\/\/revuedestemps.com\/#\/schema\/person\/707d96af41ebab6bd82c91edd86825d1\",\"name\":\"Eliott Bell\",\"image\":{\"@type\":\"ImageObject\",\"inLanguage\":\"fr-FR\",\"@id\":\"https:\/\/revuedestemps.com\/#\/schema\/person\/image\/\",\"url\":\"https:\/\/secure.gravatar.com\/avatar\/b1b4e72b55d3e73f30604dab7b3831c103a73f276871a0ea75b4a51c68c2e33d?s=96&d=mm&r=g\",\"contentUrl\":\"https:\/\/secure.gravatar.com\/avatar\/b1b4e72b55d3e73f30604dab7b3831c103a73f276871a0ea75b4a51c68c2e33d?s=96&d=mm&r=g\",\"caption\":\"Eliott Bell\"},\"url\":\"https:\/\/revuedestemps.com\/index.php\/author\/eliott-bell\/\"}]}<\/script>\n<!-- \/ Yoast SEO plugin. -->","yoast_head_json":{"title":"L'Union europ\u00e9enne et le Royaume-Uni resserrent leurs liens face aux tensions internationales. - Revue des Temps","robots":{"index":"index","follow":"follow","max-snippet":"max-snippet:-1","max-image-preview":"max-image-preview:large","max-video-preview":"max-video-preview:-1"},"canonical":"https:\/\/revuedestemps.com\/index.php\/2026\/04\/06\/ue-et-royaume-uni-resserrent-leurs-liens-face-aux-tensions-internationales\/","og_locale":"fr_FR","og_type":"article","og_title":"L'Union europ\u00e9enne et le Royaume-Uni resserrent leurs liens face aux tensions internationales. - Revue des Temps","og_description":"Lors de la Conf\u00e9rence de Munich sur la s\u00e9curit\u00e9 qui s\u2019est tenue entre le 13 et le 15 f\u00e9vrier 2026, la pr\u00e9sidente de la Commission europ\u00e9enne a consid\u00e9r\u00e9 qu&rsquo;en cette p\u00e9riode extr\u00eamement instable, l\u2019Europe et le Royaume-Uni devaient se rapprocher, indiquant que leur avenir \u00e9tait \u201cplus que jamais li\u00e9\u201d. Face au retour des conflits arm\u00e9s [&hellip;]","og_url":"https:\/\/revuedestemps.com\/index.php\/2026\/04\/06\/ue-et-royaume-uni-resserrent-leurs-liens-face-aux-tensions-internationales\/","og_site_name":"Revue des Temps","article_published_time":"2026-04-06T18:33:10+00:00","article_modified_time":"2026-04-06T21:23:22+00:00","og_image":[{"width":2560,"height":1280,"url":"http:\/\/revuedestemps.com\/wp-content\/uploads\/2026\/04\/Copie-de-Copie-de-Copie-de-Copie-de-Octobre-2024-11-scaled.png","type":"image\/png"}],"author":"Eliott Bell","twitter_card":"summary_large_image","twitter_misc":{"\u00c9crit par":"Eliott Bell","Dur\u00e9e de lecture estim\u00e9e":"6 minutes"},"schema":{"@context":"https:\/\/schema.org","@graph":[{"@type":"Article","@id":"https:\/\/revuedestemps.com\/index.php\/2026\/04\/06\/ue-et-royaume-uni-resserrent-leurs-liens-face-aux-tensions-internationales\/#article","isPartOf":{"@id":"https:\/\/revuedestemps.com\/index.php\/2026\/04\/06\/ue-et-royaume-uni-resserrent-leurs-liens-face-aux-tensions-internationales\/"},"author":{"name":"Eliott Bell","@id":"https:\/\/revuedestemps.com\/#\/schema\/person\/707d96af41ebab6bd82c91edd86825d1"},"headline":"L&rsquo;Union europ\u00e9enne et le Royaume-Uni resserrent leurs liens face aux tensions internationales.","datePublished":"2026-04-06T18:33:10+00:00","dateModified":"2026-04-06T21:23:22+00:00","mainEntityOfPage":{"@id":"https:\/\/revuedestemps.com\/index.php\/2026\/04\/06\/ue-et-royaume-uni-resserrent-leurs-liens-face-aux-tensions-internationales\/"},"wordCount":1198,"commentCount":0,"publisher":{"@id":"https:\/\/revuedestemps.com\/#organization"},"image":{"@id":"https:\/\/revuedestemps.com\/index.php\/2026\/04\/06\/ue-et-royaume-uni-resserrent-leurs-liens-face-aux-tensions-internationales\/#primaryimage"},"thumbnailUrl":"https:\/\/revuedestemps.com\/wp-content\/uploads\/2026\/04\/Copie-de-Copie-de-Copie-de-Copie-de-Octobre-2024-11-scaled.png","keywords":["avril2026"],"articleSection":["Politique"],"inLanguage":"fr-FR","potentialAction":[{"@type":"CommentAction","name":"Comment","target":["https:\/\/revuedestemps.com\/index.php\/2026\/04\/06\/ue-et-royaume-uni-resserrent-leurs-liens-face-aux-tensions-internationales\/#respond"]}]},{"@type":"WebPage","@id":"https:\/\/revuedestemps.com\/index.php\/2026\/04\/06\/ue-et-royaume-uni-resserrent-leurs-liens-face-aux-tensions-internationales\/","url":"https:\/\/revuedestemps.com\/index.php\/2026\/04\/06\/ue-et-royaume-uni-resserrent-leurs-liens-face-aux-tensions-internationales\/","name":"L'Union europ\u00e9enne et le Royaume-Uni resserrent leurs liens face aux tensions internationales. - Revue des Temps","isPartOf":{"@id":"https:\/\/revuedestemps.com\/#website"},"primaryImageOfPage":{"@id":"https:\/\/revuedestemps.com\/index.php\/2026\/04\/06\/ue-et-royaume-uni-resserrent-leurs-liens-face-aux-tensions-internationales\/#primaryimage"},"image":{"@id":"https:\/\/revuedestemps.com\/index.php\/2026\/04\/06\/ue-et-royaume-uni-resserrent-leurs-liens-face-aux-tensions-internationales\/#primaryimage"},"thumbnailUrl":"https:\/\/revuedestemps.com\/wp-content\/uploads\/2026\/04\/Copie-de-Copie-de-Copie-de-Copie-de-Octobre-2024-11-scaled.png","datePublished":"2026-04-06T18:33:10+00:00","dateModified":"2026-04-06T21:23:22+00:00","breadcrumb":{"@id":"https:\/\/revuedestemps.com\/index.php\/2026\/04\/06\/ue-et-royaume-uni-resserrent-leurs-liens-face-aux-tensions-internationales\/#breadcrumb"},"inLanguage":"fr-FR","potentialAction":[{"@type":"ReadAction","target":["https:\/\/revuedestemps.com\/index.php\/2026\/04\/06\/ue-et-royaume-uni-resserrent-leurs-liens-face-aux-tensions-internationales\/"]}]},{"@type":"ImageObject","inLanguage":"fr-FR","@id":"https:\/\/revuedestemps.com\/index.php\/2026\/04\/06\/ue-et-royaume-uni-resserrent-leurs-liens-face-aux-tensions-internationales\/#primaryimage","url":"https:\/\/revuedestemps.com\/wp-content\/uploads\/2026\/04\/Copie-de-Copie-de-Copie-de-Copie-de-Octobre-2024-11-scaled.png","contentUrl":"https:\/\/revuedestemps.com\/wp-content\/uploads\/2026\/04\/Copie-de-Copie-de-Copie-de-Copie-de-Octobre-2024-11-scaled.png","width":2560,"height":1280},{"@type":"BreadcrumbList","@id":"https:\/\/revuedestemps.com\/index.php\/2026\/04\/06\/ue-et-royaume-uni-resserrent-leurs-liens-face-aux-tensions-internationales\/#breadcrumb","itemListElement":[{"@type":"ListItem","position":1,"name":"Accueil","item":"https:\/\/revuedestemps.com\/"},{"@type":"ListItem","position":2,"name":"L&rsquo;Union europ\u00e9enne et le Royaume-Uni resserrent leurs liens face aux tensions internationales."}]},{"@type":"WebSite","@id":"https:\/\/revuedestemps.com\/#website","url":"https:\/\/revuedestemps.com\/","name":"Revue des Temps","description":"L&#039;actualit\u00e9 politique et culturelle sous tous les angles. Revue fond\u00e9e par Gaspard Rambel en novembre 2023.","publisher":{"@id":"https:\/\/revuedestemps.com\/#organization"},"potentialAction":[{"@type":"SearchAction","target":{"@type":"EntryPoint","urlTemplate":"https:\/\/revuedestemps.com\/?s={search_term_string}"},"query-input":{"@type":"PropertyValueSpecification","valueRequired":true,"valueName":"search_term_string"}}],"inLanguage":"fr-FR"},{"@type":"Organization","@id":"https:\/\/revuedestemps.com\/#organization","name":"Revue des Temps","url":"https:\/\/revuedestemps.com\/","logo":{"@type":"ImageObject","inLanguage":"fr-FR","@id":"https:\/\/revuedestemps.com\/#\/schema\/logo\/image\/","url":"https:\/\/revuedestemps.com\/wp-content\/uploads\/2024\/03\/sticker-vintage-carte-map-monde-black-white-edited.jpg","contentUrl":"https:\/\/revuedestemps.com\/wp-content\/uploads\/2024\/03\/sticker-vintage-carte-map-monde-black-white-edited.jpg","width":528,"height":528,"caption":"Revue des Temps"},"image":{"@id":"https:\/\/revuedestemps.com\/#\/schema\/logo\/image\/"}},{"@type":"Person","@id":"https:\/\/revuedestemps.com\/#\/schema\/person\/707d96af41ebab6bd82c91edd86825d1","name":"Eliott Bell","image":{"@type":"ImageObject","inLanguage":"fr-FR","@id":"https:\/\/revuedestemps.com\/#\/schema\/person\/image\/","url":"https:\/\/secure.gravatar.com\/avatar\/b1b4e72b55d3e73f30604dab7b3831c103a73f276871a0ea75b4a51c68c2e33d?s=96&d=mm&r=g","contentUrl":"https:\/\/secure.gravatar.com\/avatar\/b1b4e72b55d3e73f30604dab7b3831c103a73f276871a0ea75b4a51c68c2e33d?s=96&d=mm&r=g","caption":"Eliott Bell"},"url":"https:\/\/revuedestemps.com\/index.php\/author\/eliott-bell\/"}]}},"_links":{"self":[{"href":"https:\/\/revuedestemps.com\/index.php\/wp-json\/wp\/v2\/posts\/5544","targetHints":{"allow":["GET"]}}],"collection":[{"href":"https:\/\/revuedestemps.com\/index.php\/wp-json\/wp\/v2\/posts"}],"about":[{"href":"https:\/\/revuedestemps.com\/index.php\/wp-json\/wp\/v2\/types\/post"}],"author":[{"embeddable":true,"href":"https:\/\/revuedestemps.com\/index.php\/wp-json\/wp\/v2\/users\/39"}],"replies":[{"embeddable":true,"href":"https:\/\/revuedestemps.com\/index.php\/wp-json\/wp\/v2\/comments?post=5544"}],"version-history":[{"count":8,"href":"https:\/\/revuedestemps.com\/index.php\/wp-json\/wp\/v2\/posts\/5544\/revisions"}],"predecessor-version":[{"id":5557,"href":"https:\/\/revuedestemps.com\/index.php\/wp-json\/wp\/v2\/posts\/5544\/revisions\/5557"}],"wp:featuredmedia":[{"embeddable":true,"href":"https:\/\/revuedestemps.com\/index.php\/wp-json\/wp\/v2\/media\/5549"}],"wp:attachment":[{"href":"https:\/\/revuedestemps.com\/index.php\/wp-json\/wp\/v2\/media?parent=5544"}],"wp:term":[{"taxonomy":"category","embeddable":true,"href":"https:\/\/revuedestemps.com\/index.php\/wp-json\/wp\/v2\/categories?post=5544"},{"taxonomy":"post_tag","embeddable":true,"href":"https:\/\/revuedestemps.com\/index.php\/wp-json\/wp\/v2\/tags?post=5544"}],"curies":[{"name":"wp","href":"https:\/\/api.w.org\/{rel}","templated":true}]}}