{"id":964,"date":"2024-04-25T15:19:39","date_gmt":"2024-04-25T13:19:39","guid":{"rendered":"https:\/\/revuedestemps.com\/?p=964"},"modified":"2024-04-28T17:08:01","modified_gmt":"2024-04-28T15:08:01","slug":"paris-est-une-fete-physiologie-de-la-generation-perdue-americaine","status":"publish","type":"post","link":"https:\/\/revuedestemps.com\/index.php\/2024\/04\/25\/paris-est-une-fete-physiologie-de-la-generation-perdue-americaine\/","title":{"rendered":"Paris est une f\u00eate\u00a0: Physiologie de la g\u00e9n\u00e9ration perdue am\u00e9ricaine."},"content":{"rendered":"<p>Ernest Hemingway a vingt-cinq ans lorsque, \u00e0 l\u2019instar de nombreux Am\u00e9ricains des ann\u00e9es vingt, il s\u2019exile avec son \u00e9pouse Hartley \u00e0 Paris. Les Ann\u00e9es folles succ\u00e9dant \u00e0 la Grande Guerre, pr\u00e9c\u00e9dent malgr\u00e9 elles la grande D\u00e9pression de 1929 et plus lointainement l\u2019invasion de la Pologne par les Nazis en 1939. Pour l\u2019heure, Hemingway n\u2019est pas encore l\u2019auteur couronn\u00e9 par le Nobel de litt\u00e9rature de 1960, mais seulement \u00ab Hem \u00bb, le pigiste qui vagabonde Rive Gauche, partageant son temps entre verres de rhum, courses hippiques et discussions engag\u00e9es.<\/p>\n<p>De cette p\u00e9riode d\u2019insouciance juv\u00e9nile na\u00eetra <em>A moveable party<\/em>, connu en France sous le nom de <em>Paris est une f\u00eate<\/em>, mais reconnu de tous les professionnels de la litt\u00e9rature comme le manifeste de la g\u00e9n\u00e9ration perdue am\u00e9ricaine.<\/p>\n<h4><strong>La candeur de la boh\u00e8me<\/strong><\/h4>\n<p>Dans <em>Paris est une f\u00eate, <\/em>c\u2019est le portrait d\u2019un jeune Am\u00e9ricain \u00e9migr\u00e9 en France qui est d\u00e9peint. Un jeune homme qui gagne sa vie sans conviction en r\u00e9digeant des articles au hasard de son inspiration. Pour l\u2019Hemingway d\u2019alors, la vie se conjugue au pr\u00e9sent. Aussi, nulle \u00e9vocation de la Grande Guerre ne vient interrompre sa narration. Comme de nombreux jeunes gens de son \u00e2ge, il n\u2019a que faire de l\u2019avenir qui lui appara\u00eet comme abstrait et source de contrari\u00e9t\u00e9. Seule compte pour l\u2019artiste en devenir l\u2019all\u00e9gresse dont Paris ruisselle\u00a0; la faim qui \u00e9macie ses traits lui importe peu puisqu\u2019elle lui permet de se rapprocher spirituellement du beau. Durant ses escapades au mus\u00e9e du Luxembourg, Hemingway se f\u00e9licite de sentir son estomac crier famine tant cela le rapproche de C\u00e9zanne, le peintre proven\u00e7al auquel il s\u2019identifie.<\/p>\n<p>L\u2019auteur de <em>Pour qui sonne le glas <\/em>ne songe ni aux soins de son m\u00e9nage ni \u00e0 ses devoirs de mari, mais se grise de plaisirs aussi frivoles qu\u2019initiatiques comme l\u2019ivresse, la lecture ou encore le vagabondage.<\/p>\n<p>En outre, le jeune homme consid\u00e8re davantage Hartley comme une camarade d\u2019infortune que comme son \u00e9pouse. Aussi, l\u2019\u00e9chec de leur union, sous-entendu dans l\u2019excipit de l\u2019\u0153uvre, se r\u00e9v\u00e8le-t-il une suite logique \u00e0 des manquements r\u00e9p\u00e9t\u00e9s.<\/p>\n<h4><strong>Portrait du Paris des Ann\u00e9es folles<\/strong><\/h4>\n<p>C\u2019est avec une pr\u00e9cision remarquable qu\u2019Hemingway dresse un tableau fid\u00e8le du Paris de l\u2019entre-deux-guerres \u00e0 la valeur quasi historiographique.<\/p>\n<p>Le jeune homme loge rue Mouffetard, d\u00e9ambule \u00e0 Saint-Germain, d\u00e9vore \u00e0 cr\u00e9dit les livres de la librairie <em>Shakespeare and Co<\/em>. C\u2019est donc plus exactement une description de la Rive Gauche que l\u2019auteur du <em>Vieil homme et la mer <\/em>nous livre, insistant bien sur le clivage entre les bourgeois et assimil\u00e9s des beaux quartiers et la population h\u00e9t\u00e9roclite qui peuple l\u2019autre c\u00f4t\u00e9 de la Seine.<\/p>\n<p>Diff\u00e9rentes rencontres viennent animer ces p\u00e9r\u00e9grinations, notamment celles d\u2019autres figures incontournables de la g\u00e9n\u00e9ration perdue am\u00e9ricaine, dont Gertrude\u00a0Stein et Francis Scott\u00a0Fitzgerald.<\/p>\n<h4><strong>La g\u00e9n\u00e9ration perdue : entre pessimisme et frivolit\u00e9<\/strong><\/h4>\n<p>Qui dit Hemingway dit forc\u00e9ment g\u00e9n\u00e9ration perdue am\u00e9ricaine, expression popularis\u00e9e par Gertrude\u00a0Stein comme le relate l\u2019entrevue entre le jeune homme et l\u2019auteure d\u2019<em>Am\u00e9ricains d\u2019Am\u00e9rique<\/em> au 27 rue Fleurus. Par ce terme sont d\u00e9sign\u00e9s les auteurs am\u00e9ricains \u00e9migr\u00e9s \u00e0 Paris durant les ann\u00e9es vingt, qui sont partag\u00e9s entre l\u2019insouciance de leur jeunesse et le spleen de l\u2019apr\u00e8s-guerre. Trop \u00e2g\u00e9s pour ne pas avoir subi les d\u00e9sillusions relatives \u00e0 la \u00ab\u00a0der des ders\u00a0\u00bb et trop jeunes pour avoir pu combattre, ne croyant plus ni en <em>l\u2019american dream<\/em> synonyme d\u2019ascension sociale ni en la supr\u00e9matie du <em>way of life<\/em> am\u00e9ricain, les voil\u00e0 exil\u00e9s moralement et physiquement dans un Paris aux allures de paradis culturel.<\/p>\n<p>Ainsi, Hemingway, \u00e0 la mani\u00e8re d\u2019Erza Pound, John\u00a0Steinbeck ou encore John Dos\u00a0Passos, est anim\u00e9 du d\u00e9sir de s\u2019\u00e9manciper des codes pr\u00e9\u00e9tablis pour former un tout nouveau c\u00e9nacle o\u00f9 le r\u00e9cit se construit et se d\u00e9construit comme le fil de la pens\u00e9e. La dimension psychologique des personnages prend un autre tournant, sans doute influenc\u00e9 par les tourments de la d\u00e9cennie o\u00f9 tout un chacun, des veuves aux bless\u00e9s de guerre en passant par les futures victimes du jeudi noir et les jeunes gens en qu\u00eate d\u2019identit\u00e9, est contraint de se r\u00e9inventer pour trouver ou conserver sa place dans le monde.<\/p>\n<p>Dans <em>Paris est une f\u00eate<\/em>, Hemingway lit Simenon, auteur qui marqua la jonction du roman \u00e0 \u00e9nigme au nouveau roman fran\u00e7ais, lequel est indubitablement li\u00e9 \u00e0 la g\u00e9n\u00e9ration perdue am\u00e9ricaine. Il vit au pr\u00e9sent, se d\u00e9lectant du printemps et ne cachant pas son penchant pour l\u2019alcool.<br \/>\n\u00ab\u00a0Vous vous tuez \u00e0 boire\u00a0\u00bb, lan\u00e7a Gertrude\u00a0Stein au jeune homme pour qui l\u2019ivresse \u00e9tait quasiment quotidienne, laquelle entra\u00eenait sa nonchalance et son d\u00e9go\u00fbt pour les convenances. Si bien des jeunes doivent go\u00fbter aux exc\u00e8s durant leur \u00e9ducation sentimentale, c\u2019est l\u2019absence de sentimentalisme qui fait d\u00e9faut \u00e0 Hemingway. En outre, si la jeunesse est une p\u00e9riode propice \u00e0 la recherche puis \u00e0 la d\u00e9couverte de l\u2019amour qui tend \u00e0 \u00eatre sacralis\u00e9, le jeune \u00ab\u00a0Hem\u00a0\u00bb semble indiff\u00e9rent \u00e0 la gent f\u00e9minine, des mod\u00e8les entreprenantes qu\u2019il croise lors d\u2019une fl\u00e2nerie printani\u00e8re \u00e0 son \u00e9pouse qu\u2019il consid\u00e8re comme une camarade, certes utile pour assouvir ses besoins, mais qu\u2019il n\u00e9glige \u00e9hont\u00e9ment.<\/p>\n<p>Par ailleurs, si les jeunes artistes n\u2019aspirent qu\u2019\u00e0 conna\u00eetre la gloire, la nonchalance r\u00e9git \u00e0 nouveau l\u2019\u00e9crivain qui repousse sans cesse l\u2019\u00e9criture de son roman, attendant que sa situation financi\u00e8re soit suffisamment critique pour l\u2019y contraindre.<\/p>\n<p>Ainsi se joue la dualit\u00e9 de la g\u00e9n\u00e9ration perdue qui se refuse au sentimentalisme tout en subissant les affres de ce refus, s\u2019int\u00e9ressant \u00e0 la psychanalyse tout en fuyant une introspection salutaire au profit d\u2019une addiction d\u00e9l\u00e9t\u00e8re.<\/p>\n<p>Pour suivre la r\u00e9flexion ouverte par Gertrude\u00a0Stein qu\u2019Hemingway \u00e9voque dans le roman, si cette g\u00e9n\u00e9ration est perdue, toutes le sont, l\u2019ont \u00e9t\u00e9 ou le seront.<\/p>\n<p>L\u2019Histoire fabriquera toujours des \u00eatres n\u00e9s trop t\u00f4t pour la r\u00e9inventer ou trop tard pour y contribuer.<\/p>\n<p>Ainsi sonne le glas de l\u2019existence humaine o\u00f9 les g\u00e9n\u00e9rations se chevauchent par-del\u00e0 les guerres, g\u00e9nocides et krachs boursiers.<\/p>\n<h3>M\u00e9lanie\u00a0Gaudry<\/h3>\n","protected":false},"excerpt":{"rendered":"<p>Ernest Hemingway a vingt-cinq ans lorsque, \u00e0 l\u2019instar de nombreux Am\u00e9ricains des ann\u00e9es vingt, il s\u2019exile avec son \u00e9pouse Hartley \u00e0 Paris. Les Ann\u00e9es folles succ\u00e9dant \u00e0 la Grande Guerre, pr\u00e9c\u00e9dent malgr\u00e9 elles la grande D\u00e9pression de 1929 et plus lointainement l\u2019invasion de la Pologne par les Nazis en 1939. Pour l\u2019heure, Hemingway n\u2019est pas [&hellip;]<\/p>\n","protected":false},"author":6,"featured_media":986,"comment_status":"open","ping_status":"open","sticky":false,"template":"","format":"standard","meta":{"footnotes":""},"categories":[14],"tags":[30],"class_list":["post-964","post","type-post","status-publish","format-standard","has-post-thumbnail","hentry","category-litterature","tag-avril-2024"],"yoast_head":"<!-- This site is optimized with the Yoast SEO plugin v26.1.1 - https:\/\/yoast.com\/wordpress\/plugins\/seo\/ -->\n<title>Paris est une f\u00eate\u00a0: Physiologie de la g\u00e9n\u00e9ration perdue am\u00e9ricaine. - Revue des Temps<\/title>\n<meta name=\"robots\" content=\"index, follow, max-snippet:-1, max-image-preview:large, max-video-preview:-1\" \/>\n<link rel=\"canonical\" href=\"https:\/\/revuedestemps.com\/index.php\/2024\/04\/25\/paris-est-une-fete-physiologie-de-la-generation-perdue-americaine\/\" \/>\n<meta property=\"og:locale\" content=\"fr_FR\" \/>\n<meta property=\"og:type\" content=\"article\" \/>\n<meta property=\"og:title\" content=\"Paris est une f\u00eate\u00a0: Physiologie de la g\u00e9n\u00e9ration perdue am\u00e9ricaine. - Revue des Temps\" \/>\n<meta property=\"og:description\" content=\"Ernest Hemingway a vingt-cinq ans lorsque, \u00e0 l\u2019instar de nombreux Am\u00e9ricains des ann\u00e9es vingt, il s\u2019exile avec son \u00e9pouse Hartley \u00e0 Paris. Les Ann\u00e9es folles succ\u00e9dant \u00e0 la Grande Guerre, pr\u00e9c\u00e9dent malgr\u00e9 elles la grande D\u00e9pression de 1929 et plus lointainement l\u2019invasion de la Pologne par les Nazis en 1939. Pour l\u2019heure, Hemingway n\u2019est pas [&hellip;]\" \/>\n<meta property=\"og:url\" content=\"https:\/\/revuedestemps.com\/index.php\/2024\/04\/25\/paris-est-une-fete-physiologie-de-la-generation-perdue-americaine\/\" \/>\n<meta property=\"og:site_name\" content=\"Revue des Temps\" \/>\n<meta property=\"article:published_time\" content=\"2024-04-25T13:19:39+00:00\" \/>\n<meta property=\"article:modified_time\" content=\"2024-04-28T15:08:01+00:00\" \/>\n<meta property=\"og:image\" content=\"http:\/\/revuedestemps.com\/wp-content\/uploads\/2024\/04\/Melanie-avril-2024.png\" \/>\n\t<meta property=\"og:image:width\" content=\"3750\" \/>\n\t<meta property=\"og:image:height\" content=\"1875\" \/>\n\t<meta property=\"og:image:type\" content=\"image\/png\" \/>\n<meta name=\"author\" content=\"M\u00e9lanie Gaudry\" \/>\n<meta name=\"twitter:card\" content=\"summary_large_image\" \/>\n<meta name=\"twitter:label1\" content=\"\u00c9crit par\" \/>\n\t<meta name=\"twitter:data1\" content=\"M\u00e9lanie Gaudry\" \/>\n\t<meta name=\"twitter:label2\" content=\"Dur\u00e9e de lecture estim\u00e9e\" \/>\n\t<meta name=\"twitter:data2\" content=\"6 minutes\" \/>\n<script type=\"application\/ld+json\" class=\"yoast-schema-graph\">{\"@context\":\"https:\/\/schema.org\",\"@graph\":[{\"@type\":\"Article\",\"@id\":\"https:\/\/revuedestemps.com\/index.php\/2024\/04\/25\/paris-est-une-fete-physiologie-de-la-generation-perdue-americaine\/#article\",\"isPartOf\":{\"@id\":\"https:\/\/revuedestemps.com\/index.php\/2024\/04\/25\/paris-est-une-fete-physiologie-de-la-generation-perdue-americaine\/\"},\"author\":{\"name\":\"M\u00e9lanie Gaudry\",\"@id\":\"https:\/\/revuedestemps.com\/#\/schema\/person\/2bd225b8f634963f9c5d45c96f54d715\"},\"headline\":\"Paris est une f\u00eate\u00a0: Physiologie de la g\u00e9n\u00e9ration perdue am\u00e9ricaine.\",\"datePublished\":\"2024-04-25T13:19:39+00:00\",\"dateModified\":\"2024-04-28T15:08:01+00:00\",\"mainEntityOfPage\":{\"@id\":\"https:\/\/revuedestemps.com\/index.php\/2024\/04\/25\/paris-est-une-fete-physiologie-de-la-generation-perdue-americaine\/\"},\"wordCount\":1134,\"commentCount\":0,\"publisher\":{\"@id\":\"https:\/\/revuedestemps.com\/#organization\"},\"image\":{\"@id\":\"https:\/\/revuedestemps.com\/index.php\/2024\/04\/25\/paris-est-une-fete-physiologie-de-la-generation-perdue-americaine\/#primaryimage\"},\"thumbnailUrl\":\"https:\/\/revuedestemps.com\/wp-content\/uploads\/2024\/04\/Melanie-avril-2024.png\",\"keywords\":[\"avril 2024\"],\"articleSection\":[\"Litt\u00e9rature\"],\"inLanguage\":\"fr-FR\",\"potentialAction\":[{\"@type\":\"CommentAction\",\"name\":\"Comment\",\"target\":[\"https:\/\/revuedestemps.com\/index.php\/2024\/04\/25\/paris-est-une-fete-physiologie-de-la-generation-perdue-americaine\/#respond\"]}]},{\"@type\":\"WebPage\",\"@id\":\"https:\/\/revuedestemps.com\/index.php\/2024\/04\/25\/paris-est-une-fete-physiologie-de-la-generation-perdue-americaine\/\",\"url\":\"https:\/\/revuedestemps.com\/index.php\/2024\/04\/25\/paris-est-une-fete-physiologie-de-la-generation-perdue-americaine\/\",\"name\":\"Paris est une f\u00eate\u00a0: Physiologie de la g\u00e9n\u00e9ration perdue am\u00e9ricaine. - Revue des Temps\",\"isPartOf\":{\"@id\":\"https:\/\/revuedestemps.com\/#website\"},\"primaryImageOfPage\":{\"@id\":\"https:\/\/revuedestemps.com\/index.php\/2024\/04\/25\/paris-est-une-fete-physiologie-de-la-generation-perdue-americaine\/#primaryimage\"},\"image\":{\"@id\":\"https:\/\/revuedestemps.com\/index.php\/2024\/04\/25\/paris-est-une-fete-physiologie-de-la-generation-perdue-americaine\/#primaryimage\"},\"thumbnailUrl\":\"https:\/\/revuedestemps.com\/wp-content\/uploads\/2024\/04\/Melanie-avril-2024.png\",\"datePublished\":\"2024-04-25T13:19:39+00:00\",\"dateModified\":\"2024-04-28T15:08:01+00:00\",\"breadcrumb\":{\"@id\":\"https:\/\/revuedestemps.com\/index.php\/2024\/04\/25\/paris-est-une-fete-physiologie-de-la-generation-perdue-americaine\/#breadcrumb\"},\"inLanguage\":\"fr-FR\",\"potentialAction\":[{\"@type\":\"ReadAction\",\"target\":[\"https:\/\/revuedestemps.com\/index.php\/2024\/04\/25\/paris-est-une-fete-physiologie-de-la-generation-perdue-americaine\/\"]}]},{\"@type\":\"ImageObject\",\"inLanguage\":\"fr-FR\",\"@id\":\"https:\/\/revuedestemps.com\/index.php\/2024\/04\/25\/paris-est-une-fete-physiologie-de-la-generation-perdue-americaine\/#primaryimage\",\"url\":\"https:\/\/revuedestemps.com\/wp-content\/uploads\/2024\/04\/Melanie-avril-2024.png\",\"contentUrl\":\"https:\/\/revuedestemps.com\/wp-content\/uploads\/2024\/04\/Melanie-avril-2024.png\",\"width\":3750,\"height\":1875},{\"@type\":\"BreadcrumbList\",\"@id\":\"https:\/\/revuedestemps.com\/index.php\/2024\/04\/25\/paris-est-une-fete-physiologie-de-la-generation-perdue-americaine\/#breadcrumb\",\"itemListElement\":[{\"@type\":\"ListItem\",\"position\":1,\"name\":\"Accueil\",\"item\":\"https:\/\/revuedestemps.com\/\"},{\"@type\":\"ListItem\",\"position\":2,\"name\":\"Paris est une f\u00eate\u00a0: Physiologie de la g\u00e9n\u00e9ration perdue am\u00e9ricaine.\"}]},{\"@type\":\"WebSite\",\"@id\":\"https:\/\/revuedestemps.com\/#website\",\"url\":\"https:\/\/revuedestemps.com\/\",\"name\":\"Revue des Temps\",\"description\":\"L&#039;actualit\u00e9 politique et culturelle sous tous les angles. Revue fond\u00e9e par Gaspard Rambel en novembre 2023.\",\"publisher\":{\"@id\":\"https:\/\/revuedestemps.com\/#organization\"},\"potentialAction\":[{\"@type\":\"SearchAction\",\"target\":{\"@type\":\"EntryPoint\",\"urlTemplate\":\"https:\/\/revuedestemps.com\/?s={search_term_string}\"},\"query-input\":{\"@type\":\"PropertyValueSpecification\",\"valueRequired\":true,\"valueName\":\"search_term_string\"}}],\"inLanguage\":\"fr-FR\"},{\"@type\":\"Organization\",\"@id\":\"https:\/\/revuedestemps.com\/#organization\",\"name\":\"Revue des Temps\",\"url\":\"https:\/\/revuedestemps.com\/\",\"logo\":{\"@type\":\"ImageObject\",\"inLanguage\":\"fr-FR\",\"@id\":\"https:\/\/revuedestemps.com\/#\/schema\/logo\/image\/\",\"url\":\"https:\/\/revuedestemps.com\/wp-content\/uploads\/2024\/03\/sticker-vintage-carte-map-monde-black-white-edited.jpg\",\"contentUrl\":\"https:\/\/revuedestemps.com\/wp-content\/uploads\/2024\/03\/sticker-vintage-carte-map-monde-black-white-edited.jpg\",\"width\":528,\"height\":528,\"caption\":\"Revue des Temps\"},\"image\":{\"@id\":\"https:\/\/revuedestemps.com\/#\/schema\/logo\/image\/\"}},{\"@type\":\"Person\",\"@id\":\"https:\/\/revuedestemps.com\/#\/schema\/person\/2bd225b8f634963f9c5d45c96f54d715\",\"name\":\"M\u00e9lanie Gaudry\",\"image\":{\"@type\":\"ImageObject\",\"inLanguage\":\"fr-FR\",\"@id\":\"https:\/\/revuedestemps.com\/#\/schema\/person\/image\/\",\"url\":\"https:\/\/secure.gravatar.com\/avatar\/4ef2af979b70508abad0748f9f7ac184dc06b86a65ff00bc5793bc3e28fb7991?s=96&d=mm&r=g\",\"contentUrl\":\"https:\/\/secure.gravatar.com\/avatar\/4ef2af979b70508abad0748f9f7ac184dc06b86a65ff00bc5793bc3e28fb7991?s=96&d=mm&r=g\",\"caption\":\"M\u00e9lanie Gaudry\"},\"url\":\"https:\/\/revuedestemps.com\/index.php\/author\/melanie\/\"}]}<\/script>\n<!-- \/ Yoast SEO plugin. -->","yoast_head_json":{"title":"Paris est une f\u00eate\u00a0: Physiologie de la g\u00e9n\u00e9ration perdue am\u00e9ricaine. - Revue des Temps","robots":{"index":"index","follow":"follow","max-snippet":"max-snippet:-1","max-image-preview":"max-image-preview:large","max-video-preview":"max-video-preview:-1"},"canonical":"https:\/\/revuedestemps.com\/index.php\/2024\/04\/25\/paris-est-une-fete-physiologie-de-la-generation-perdue-americaine\/","og_locale":"fr_FR","og_type":"article","og_title":"Paris est une f\u00eate\u00a0: Physiologie de la g\u00e9n\u00e9ration perdue am\u00e9ricaine. - Revue des Temps","og_description":"Ernest Hemingway a vingt-cinq ans lorsque, \u00e0 l\u2019instar de nombreux Am\u00e9ricains des ann\u00e9es vingt, il s\u2019exile avec son \u00e9pouse Hartley \u00e0 Paris. Les Ann\u00e9es folles succ\u00e9dant \u00e0 la Grande Guerre, pr\u00e9c\u00e9dent malgr\u00e9 elles la grande D\u00e9pression de 1929 et plus lointainement l\u2019invasion de la Pologne par les Nazis en 1939. Pour l\u2019heure, Hemingway n\u2019est pas [&hellip;]","og_url":"https:\/\/revuedestemps.com\/index.php\/2024\/04\/25\/paris-est-une-fete-physiologie-de-la-generation-perdue-americaine\/","og_site_name":"Revue des Temps","article_published_time":"2024-04-25T13:19:39+00:00","article_modified_time":"2024-04-28T15:08:01+00:00","og_image":[{"width":3750,"height":1875,"url":"http:\/\/revuedestemps.com\/wp-content\/uploads\/2024\/04\/Melanie-avril-2024.png","type":"image\/png"}],"author":"M\u00e9lanie Gaudry","twitter_card":"summary_large_image","twitter_misc":{"\u00c9crit par":"M\u00e9lanie Gaudry","Dur\u00e9e de lecture estim\u00e9e":"6 minutes"},"schema":{"@context":"https:\/\/schema.org","@graph":[{"@type":"Article","@id":"https:\/\/revuedestemps.com\/index.php\/2024\/04\/25\/paris-est-une-fete-physiologie-de-la-generation-perdue-americaine\/#article","isPartOf":{"@id":"https:\/\/revuedestemps.com\/index.php\/2024\/04\/25\/paris-est-une-fete-physiologie-de-la-generation-perdue-americaine\/"},"author":{"name":"M\u00e9lanie Gaudry","@id":"https:\/\/revuedestemps.com\/#\/schema\/person\/2bd225b8f634963f9c5d45c96f54d715"},"headline":"Paris est une f\u00eate\u00a0: Physiologie de la g\u00e9n\u00e9ration perdue am\u00e9ricaine.","datePublished":"2024-04-25T13:19:39+00:00","dateModified":"2024-04-28T15:08:01+00:00","mainEntityOfPage":{"@id":"https:\/\/revuedestemps.com\/index.php\/2024\/04\/25\/paris-est-une-fete-physiologie-de-la-generation-perdue-americaine\/"},"wordCount":1134,"commentCount":0,"publisher":{"@id":"https:\/\/revuedestemps.com\/#organization"},"image":{"@id":"https:\/\/revuedestemps.com\/index.php\/2024\/04\/25\/paris-est-une-fete-physiologie-de-la-generation-perdue-americaine\/#primaryimage"},"thumbnailUrl":"https:\/\/revuedestemps.com\/wp-content\/uploads\/2024\/04\/Melanie-avril-2024.png","keywords":["avril 2024"],"articleSection":["Litt\u00e9rature"],"inLanguage":"fr-FR","potentialAction":[{"@type":"CommentAction","name":"Comment","target":["https:\/\/revuedestemps.com\/index.php\/2024\/04\/25\/paris-est-une-fete-physiologie-de-la-generation-perdue-americaine\/#respond"]}]},{"@type":"WebPage","@id":"https:\/\/revuedestemps.com\/index.php\/2024\/04\/25\/paris-est-une-fete-physiologie-de-la-generation-perdue-americaine\/","url":"https:\/\/revuedestemps.com\/index.php\/2024\/04\/25\/paris-est-une-fete-physiologie-de-la-generation-perdue-americaine\/","name":"Paris est une f\u00eate\u00a0: Physiologie de la g\u00e9n\u00e9ration perdue am\u00e9ricaine. - Revue des Temps","isPartOf":{"@id":"https:\/\/revuedestemps.com\/#website"},"primaryImageOfPage":{"@id":"https:\/\/revuedestemps.com\/index.php\/2024\/04\/25\/paris-est-une-fete-physiologie-de-la-generation-perdue-americaine\/#primaryimage"},"image":{"@id":"https:\/\/revuedestemps.com\/index.php\/2024\/04\/25\/paris-est-une-fete-physiologie-de-la-generation-perdue-americaine\/#primaryimage"},"thumbnailUrl":"https:\/\/revuedestemps.com\/wp-content\/uploads\/2024\/04\/Melanie-avril-2024.png","datePublished":"2024-04-25T13:19:39+00:00","dateModified":"2024-04-28T15:08:01+00:00","breadcrumb":{"@id":"https:\/\/revuedestemps.com\/index.php\/2024\/04\/25\/paris-est-une-fete-physiologie-de-la-generation-perdue-americaine\/#breadcrumb"},"inLanguage":"fr-FR","potentialAction":[{"@type":"ReadAction","target":["https:\/\/revuedestemps.com\/index.php\/2024\/04\/25\/paris-est-une-fete-physiologie-de-la-generation-perdue-americaine\/"]}]},{"@type":"ImageObject","inLanguage":"fr-FR","@id":"https:\/\/revuedestemps.com\/index.php\/2024\/04\/25\/paris-est-une-fete-physiologie-de-la-generation-perdue-americaine\/#primaryimage","url":"https:\/\/revuedestemps.com\/wp-content\/uploads\/2024\/04\/Melanie-avril-2024.png","contentUrl":"https:\/\/revuedestemps.com\/wp-content\/uploads\/2024\/04\/Melanie-avril-2024.png","width":3750,"height":1875},{"@type":"BreadcrumbList","@id":"https:\/\/revuedestemps.com\/index.php\/2024\/04\/25\/paris-est-une-fete-physiologie-de-la-generation-perdue-americaine\/#breadcrumb","itemListElement":[{"@type":"ListItem","position":1,"name":"Accueil","item":"https:\/\/revuedestemps.com\/"},{"@type":"ListItem","position":2,"name":"Paris est une f\u00eate\u00a0: Physiologie de la g\u00e9n\u00e9ration perdue am\u00e9ricaine."}]},{"@type":"WebSite","@id":"https:\/\/revuedestemps.com\/#website","url":"https:\/\/revuedestemps.com\/","name":"Revue des Temps","description":"L&#039;actualit\u00e9 politique et culturelle sous tous les angles. Revue fond\u00e9e par Gaspard Rambel en novembre 2023.","publisher":{"@id":"https:\/\/revuedestemps.com\/#organization"},"potentialAction":[{"@type":"SearchAction","target":{"@type":"EntryPoint","urlTemplate":"https:\/\/revuedestemps.com\/?s={search_term_string}"},"query-input":{"@type":"PropertyValueSpecification","valueRequired":true,"valueName":"search_term_string"}}],"inLanguage":"fr-FR"},{"@type":"Organization","@id":"https:\/\/revuedestemps.com\/#organization","name":"Revue des Temps","url":"https:\/\/revuedestemps.com\/","logo":{"@type":"ImageObject","inLanguage":"fr-FR","@id":"https:\/\/revuedestemps.com\/#\/schema\/logo\/image\/","url":"https:\/\/revuedestemps.com\/wp-content\/uploads\/2024\/03\/sticker-vintage-carte-map-monde-black-white-edited.jpg","contentUrl":"https:\/\/revuedestemps.com\/wp-content\/uploads\/2024\/03\/sticker-vintage-carte-map-monde-black-white-edited.jpg","width":528,"height":528,"caption":"Revue des Temps"},"image":{"@id":"https:\/\/revuedestemps.com\/#\/schema\/logo\/image\/"}},{"@type":"Person","@id":"https:\/\/revuedestemps.com\/#\/schema\/person\/2bd225b8f634963f9c5d45c96f54d715","name":"M\u00e9lanie Gaudry","image":{"@type":"ImageObject","inLanguage":"fr-FR","@id":"https:\/\/revuedestemps.com\/#\/schema\/person\/image\/","url":"https:\/\/secure.gravatar.com\/avatar\/4ef2af979b70508abad0748f9f7ac184dc06b86a65ff00bc5793bc3e28fb7991?s=96&d=mm&r=g","contentUrl":"https:\/\/secure.gravatar.com\/avatar\/4ef2af979b70508abad0748f9f7ac184dc06b86a65ff00bc5793bc3e28fb7991?s=96&d=mm&r=g","caption":"M\u00e9lanie Gaudry"},"url":"https:\/\/revuedestemps.com\/index.php\/author\/melanie\/"}]}},"_links":{"self":[{"href":"https:\/\/revuedestemps.com\/index.php\/wp-json\/wp\/v2\/posts\/964","targetHints":{"allow":["GET"]}}],"collection":[{"href":"https:\/\/revuedestemps.com\/index.php\/wp-json\/wp\/v2\/posts"}],"about":[{"href":"https:\/\/revuedestemps.com\/index.php\/wp-json\/wp\/v2\/types\/post"}],"author":[{"embeddable":true,"href":"https:\/\/revuedestemps.com\/index.php\/wp-json\/wp\/v2\/users\/6"}],"replies":[{"embeddable":true,"href":"https:\/\/revuedestemps.com\/index.php\/wp-json\/wp\/v2\/comments?post=964"}],"version-history":[{"count":7,"href":"https:\/\/revuedestemps.com\/index.php\/wp-json\/wp\/v2\/posts\/964\/revisions"}],"predecessor-version":[{"id":983,"href":"https:\/\/revuedestemps.com\/index.php\/wp-json\/wp\/v2\/posts\/964\/revisions\/983"}],"wp:featuredmedia":[{"embeddable":true,"href":"https:\/\/revuedestemps.com\/index.php\/wp-json\/wp\/v2\/media\/986"}],"wp:attachment":[{"href":"https:\/\/revuedestemps.com\/index.php\/wp-json\/wp\/v2\/media?parent=964"}],"wp:term":[{"taxonomy":"category","embeddable":true,"href":"https:\/\/revuedestemps.com\/index.php\/wp-json\/wp\/v2\/categories?post=964"},{"taxonomy":"post_tag","embeddable":true,"href":"https:\/\/revuedestemps.com\/index.php\/wp-json\/wp\/v2\/tags?post=964"}],"curies":[{"name":"wp","href":"https:\/\/api.w.org\/{rel}","templated":true}]}}